{"id":35356,"date":"2024-03-23T17:26:07","date_gmt":"2024-03-23T16:26:07","guid":{"rendered":"https:\/\/blogs.elcomercio.es\/reflexiones-de-belarmino\/?p=35356"},"modified":"2024-03-23T17:26:07","modified_gmt":"2024-03-23T16:26:07","slug":"133-muertos-145-heridos-en-el-atentado-realizado-por-el-isis-3-dispararon-y-el-4-incendio-detenidos-a-340-kms-de-moscu","status":"publish","type":"post","link":"https:\/\/blogs.elcomercio.es\/reflexiones-de-belarmino\/2024\/03\/23\/133-muertos-145-heridos-en-el-atentado-realizado-por-el-isis-3-dispararon-y-el-4-incendio-detenidos-a-340-kms-de-moscu\/","title":{"rendered":"\u00a1\u00a1\u00a1\u00a1133 MUERTOS, 145 HERIDOS EN EL ATENTADO REALIZADO POR EL ISIS. 3 DISPARARON Y EL  4 INCENDIO. DETENIDOS A 340 KMS DE MOSCU !!!"},"content":{"rendered":"<p><b>No ha pasado un d\u00eda del mayor atentado contra Rusia en 20 a\u00f1os, en el Crocus City Hall en Kraskorgor en Mosc\u00fa, y la informaci\u00f3n a este momento es: 133 muertos( 4 de ellos ni\u00f1os), 145 heridos. EL ISIS, el Estado Isl\u00e1mico ha publicado las fotograf\u00edas de los 4 atacantes, todo ellos de Tayiquist\u00e1n, pais de mayor\u00eda musulm\u00e1n\u00a0en el As\u00eda Central. Tres de ellos dispararon contra la multitud y el otro, con una granada incendi\u00f3 el\u00a0 auditorio.<\/b><\/p>\n<p><strong>Ya fueron detenidos a 340 kms de Mosc\u00fa para huir por Ucrania.<\/strong><\/p>\n<p><b>No debemos olvidar que antes de atacar a las Torres Gemelas, Bin Laden, impulsado por Estados Unidos hab\u00eda luchado contra Rusia, y tres a\u00f1os despu\u00e9s, ya con los talibanes en Afganist\u00e1n, lanz\u00f3 la operaci\u00f3n donde por 100,000 d\u00f3lares acab\u00f3 con las el s\u00edmbolo\u00a0de Nueva York, y el Pent\u00e1gono.<\/b><\/p>\n<p><b>Para el Estado Issl\u00e1mico, cuya directiva se form\u00f3 en las c\u00e1rceles de Bagdad, luego de aquel ataque contra Sadam Hussein, debemos de dar las gracias, a esa organizaci\u00f3n que vivi\u00f3, comi\u00f3, se organiz\u00f3 en las c\u00e1rceles de Bagdad, a Geogr Bush Tony Blair y Jose Maria Aznar.<\/b><\/p>\n<p><strong>\u00bfTiene algo disparatado, que tras el 11 N, Espa\u00f1a est\u00e9 en la mira, como Inglaterra y Estados UNidos, Pedro Sanchez haya reunido la semana pasada al Consejo Nacional de Seguridad por temor a acciones de los islamistas ?.<\/strong><\/p>\n<p><b>El lugar en la mira de todos. LOS JUEGOS OL\u00cdMPICOS\u00a0de Par\u00eds este verano.<\/b><\/p>\n<p><strong>Este resurgimiento del Estado Isl\u00e1mico, ha sido producto de la masacre de Israel contra Palestina<\/strong><\/p>\n<p>&nbsp;<\/p>\n<!-- AddThis Advanced Settings generic via filter on the_content --><!-- AddThis Share Buttons generic via filter on the_content -->","protected":false},"excerpt":{"rendered":"<p>No ha pasado un d\u00eda del mayor atentado contra Rusia en 20 a\u00f1os, en el Crocus City Hall en Kraskorgor en Mosc\u00fa, y la informaci\u00f3n a este momento es: 133 muertos( 4 de ellos ni\u00f1os), 145 heridos. EL ISIS, el Estado Isl\u00e1mico ha publicado las fotograf\u00edas de los 4 atacantes, todo ellos de Tayiquist\u00e1n, pais [&hellip;]<!-- AddThis Advanced Settings generic via filter on get_the_excerpt --><!-- AddThis Share Buttons generic via filter on get_the_excerpt --><\/p>\n","protected":false},"author":16,"featured_media":0,"comment_status":"open","ping_status":"closed","sticky":false,"template":"","format":"standard","meta":[],"categories":[1],"tags":[],"_links":{"self":[{"href":"https:\/\/blogs.elcomercio.es\/reflexiones-de-belarmino\/wp-json\/wp\/v2\/posts\/35356"}],"collection":[{"href":"https:\/\/blogs.elcomercio.es\/reflexiones-de-belarmino\/wp-json\/wp\/v2\/posts"}],"about":[{"href":"https:\/\/blogs.elcomercio.es\/reflexiones-de-belarmino\/wp-json\/wp\/v2\/types\/post"}],"author":[{"embeddable":true,"href":"https:\/\/blogs.elcomercio.es\/reflexiones-de-belarmino\/wp-json\/wp\/v2\/users\/16"}],"replies":[{"embeddable":true,"href":"https:\/\/blogs.elcomercio.es\/reflexiones-de-belarmino\/wp-json\/wp\/v2\/comments?post=35356"}],"version-history":[{"count":3,"href":"https:\/\/blogs.elcomercio.es\/reflexiones-de-belarmino\/wp-json\/wp\/v2\/posts\/35356\/revisions"}],"predecessor-version":[{"id":35359,"href":"https:\/\/blogs.elcomercio.es\/reflexiones-de-belarmino\/wp-json\/wp\/v2\/posts\/35356\/revisions\/35359"}],"wp:attachment":[{"href":"https:\/\/blogs.elcomercio.es\/reflexiones-de-belarmino\/wp-json\/wp\/v2\/media?parent=35356"}],"wp:term":[{"taxonomy":"category","embeddable":true,"href":"https:\/\/blogs.elcomercio.es\/reflexiones-de-belarmino\/wp-json\/wp\/v2\/categories?post=35356"},{"taxonomy":"post_tag","embeddable":true,"href":"https:\/\/blogs.elcomercio.es\/reflexiones-de-belarmino\/wp-json\/wp\/v2\/tags?post=35356"}],"curies":[{"name":"wp","href":"https:\/\/api.w.org\/{rel}","templated":true}]}}