{"id":35360,"date":"2024-03-23T18:28:50","date_gmt":"2024-03-23T17:28:50","guid":{"rendered":"https:\/\/blogs.elcomercio.es\/reflexiones-de-belarmino\/?p=35360"},"modified":"2024-03-23T18:28:50","modified_gmt":"2024-03-23T17:28:50","slug":"lopez-obrador-informa-al-pais-que-la-derecha-espanola-ya-entro-a-la-guerra-sucia-contra-el-proyecto-de-nacion","status":"publish","type":"post","link":"https:\/\/blogs.elcomercio.es\/reflexiones-de-belarmino\/2024\/03\/23\/lopez-obrador-informa-al-pais-que-la-derecha-espanola-ya-entro-a-la-guerra-sucia-contra-el-proyecto-de-nacion\/","title":{"rendered":"\u00a1\u00a1\u00a1\u00a1\u00a1LOPEZ OBRADOR INFORMA AL PA\u00cdS, QUE LA DERECHA ESPA\u00d1OLA YA ENTR\u00d3 A LA GUERRA SUCIA CONTRA EL PROYECTO DE NACI\u00d3N !!!"},"content":{"rendered":"<p><b>Hay que darles las gracias. HOY TODO MEXICO HA SIDO INFORMADO POR EL PRESIDENTE\u00a0DE MEXICO,\u00a0 DE QUE LA DERECHA ESPA\u00d1OLA HA ENTRADO A LA GUERRA SUCIA DE MEXICO. C\u00f3mo dijo L\u00f3pez Obrador, la derecha y la ultraderecha son lo mismo, s\u00f3lo que unos m\u00e1s cinicos que otros.<\/b><\/p>\n<p><strong>Al conocimiento de los 133 millones de mexicanos, de que LA DERECHA Y LA ULTRADRECHA ESPA\u00d1OLA HAN ENTRADO, COMO EL GOBERNADOR DE TEXAS, CLAUDIO X GONZALEZ contra la Cuarta Transformaci\u00f3n del pueblo mexicano, ha llevado a la otra candidata opositora a Claudia Scheinbaum, Xochitl Galvez(PRI-PAN-PRD) a declara<\/strong><\/p>\n<p><strong>&#8220;Con Vox, ni a la esquina.&#8221;<\/strong><\/p>\n<p><strong>Aquel pueblo, quiz\u00e1s no sepa, por que no est\u00e1 en su d\u00eda a d\u00eda la diferencia entre el PP y VOX, pero lo que debe dolerle es la intromisi\u00f3n ya de los GRINGOS, YA DE LOS ESPA\u00d1OLES.<\/strong><\/p>\n<p><b>\u00bf Que dir\u00edamos\u00a0nosotros en Espa\u00f1a, si fuese al rev\u00e9s ?.<\/b><\/p>\n<p><b>Si el objetivo\u00a0de Claudia Sheinbaum y de toda MORENA era lograr los 2 \/ 3 de la votaci\u00f3n, GRACIAS A LA DERECHA ESPA\u00d1OLA; terminar\u00e1n\u00a0lograndolo.<\/b><\/p>\n<p><strong>Los invitamos a que sigan interviniendo, a que mandan a los 3,289 miembros de la Aristocracia Espa\u00f1ola, que por fin los recibi\u00f3 Felipe VI, a la expresi\u00f3n de la mujer espa\u00f1ola de la conquista, las esposas de los Virreyes como fue CAYETANA.<\/strong><\/p>\n<p><strong> Es m\u00e1s con eso, ya casi ni campa\u00f1a electoral necesitar\u00edan.<\/strong><\/p>\n<!-- AddThis Advanced Settings generic via filter on the_content --><!-- AddThis Share Buttons generic via filter on the_content -->","protected":false},"excerpt":{"rendered":"<p>Hay que darles las gracias. HOY TODO MEXICO HA SIDO INFORMADO POR EL PRESIDENTE\u00a0DE MEXICO,\u00a0 DE QUE LA DERECHA ESPA\u00d1OLA HA ENTRADO A LA GUERRA SUCIA DE MEXICO. C\u00f3mo dijo L\u00f3pez Obrador, la derecha y la ultraderecha son lo mismo, s\u00f3lo que unos m\u00e1s cinicos que otros. Al conocimiento de los 133 millones de mexicanos, [&hellip;]<!-- AddThis Advanced Settings generic via filter on get_the_excerpt --><!-- AddThis Share Buttons generic via filter on get_the_excerpt --><\/p>\n","protected":false},"author":16,"featured_media":0,"comment_status":"open","ping_status":"closed","sticky":false,"template":"","format":"standard","meta":[],"categories":[1],"tags":[],"_links":{"self":[{"href":"https:\/\/blogs.elcomercio.es\/reflexiones-de-belarmino\/wp-json\/wp\/v2\/posts\/35360"}],"collection":[{"href":"https:\/\/blogs.elcomercio.es\/reflexiones-de-belarmino\/wp-json\/wp\/v2\/posts"}],"about":[{"href":"https:\/\/blogs.elcomercio.es\/reflexiones-de-belarmino\/wp-json\/wp\/v2\/types\/post"}],"author":[{"embeddable":true,"href":"https:\/\/blogs.elcomercio.es\/reflexiones-de-belarmino\/wp-json\/wp\/v2\/users\/16"}],"replies":[{"embeddable":true,"href":"https:\/\/blogs.elcomercio.es\/reflexiones-de-belarmino\/wp-json\/wp\/v2\/comments?post=35360"}],"version-history":[{"count":2,"href":"https:\/\/blogs.elcomercio.es\/reflexiones-de-belarmino\/wp-json\/wp\/v2\/posts\/35360\/revisions"}],"predecessor-version":[{"id":35362,"href":"https:\/\/blogs.elcomercio.es\/reflexiones-de-belarmino\/wp-json\/wp\/v2\/posts\/35360\/revisions\/35362"}],"wp:attachment":[{"href":"https:\/\/blogs.elcomercio.es\/reflexiones-de-belarmino\/wp-json\/wp\/v2\/media?parent=35360"}],"wp:term":[{"taxonomy":"category","embeddable":true,"href":"https:\/\/blogs.elcomercio.es\/reflexiones-de-belarmino\/wp-json\/wp\/v2\/categories?post=35360"},{"taxonomy":"post_tag","embeddable":true,"href":"https:\/\/blogs.elcomercio.es\/reflexiones-de-belarmino\/wp-json\/wp\/v2\/tags?post=35360"}],"curies":[{"name":"wp","href":"https:\/\/api.w.org\/{rel}","templated":true}]}}