{"id":35389,"date":"2024-03-25T15:15:31","date_gmt":"2024-03-25T14:15:31","guid":{"rendered":"https:\/\/blogs.elcomercio.es\/reflexiones-de-belarmino\/?p=35389"},"modified":"2024-03-25T15:15:31","modified_gmt":"2024-03-25T14:15:31","slug":"como-a-los-nazis-les-va-a-pasardonde-vayan-los-iremos-a-buscar-600000-argentinos-contra-la-dictadura-militar-de-hace-48-anos-golpe-a-milei","status":"publish","type":"post","link":"https:\/\/blogs.elcomercio.es\/reflexiones-de-belarmino\/2024\/03\/25\/como-a-los-nazis-les-va-a-pasardonde-vayan-los-iremos-a-buscar-600000-argentinos-contra-la-dictadura-militar-de-hace-48-anos-golpe-a-milei\/","title":{"rendered":"\u00a1\u00a1\u00a1\u00a1&#8221; COMO A LOS NAZIS, LES VA A PASAR,DONDE VAYAN LOS IREMOS A BUSCAR&#8221;, 600,000 ARGENTINOS CONTRA LA DICTADURA MILITAR DE HACE 48 A\u00d1OS ,GOLPE A MILEI !!!"},"content":{"rendered":"<p><strong>Mientras Milei, dice &#8221; no fueron 9,000, sino 8,947&#8243;, 600,000 argentinos salieron ayer a las calles para conmemorar los 48 a\u00f1os del Golpe Militar de 1976-83, al grito y grandes mantas FUERON 30,000.La indignaci\u00f3n popular se expres\u00f3 encabezadas por las Madres de Mayo, para dar respuesta al Javier Milei, quien ente las 9,000 victimas desaparecidas, ha dicho: &#8220;No fueron 9,000, sino 8,947&#8221;. Esto fue una provocaci\u00f3n al pueblo de Argentina que sufri\u00f3 aquella dictadura militar dirigida por KissInger, el mismo que estuvo tras el Golpe\u00a0 de PInochet y el asesinato de Carrero Blanco.Mal va a terminar Milei, que no ha logrado que los diputados, ni el Senado hacer que se aprueba su Macro Decreto que quiere tirar de golpe 366 leyes b\u00e1sicas del pa\u00eds.<\/strong><\/p>\n<p><strong>La frase ayer,a los militares que hoy apoyan a Milei, fue contundente: &#8220;COMO A LOS NAZIS, LES VA A PASAR, DONDE VAYAN LOS IREMOS A BUSCAR&#8221;<\/strong><\/p>\n<p>&nbsp;<\/p>\n<!-- AddThis Advanced Settings generic via filter on the_content --><!-- AddThis Share Buttons generic via filter on the_content -->","protected":false},"excerpt":{"rendered":"<p>Mientras Milei, dice &#8221; no fueron 9,000, sino 8,947&#8243;, 600,000 argentinos salieron ayer a las calles para conmemorar los 48 a\u00f1os del Golpe Militar de 1976-83, al grito y grandes mantas FUERON 30,000.La indignaci\u00f3n popular se expres\u00f3 encabezadas por las Madres de Mayo, para dar respuesta al Javier Milei, quien ente las 9,000 victimas desaparecidas, [&hellip;]<!-- AddThis Advanced Settings generic via filter on get_the_excerpt --><!-- AddThis Share Buttons generic via filter on get_the_excerpt --><\/p>\n","protected":false},"author":16,"featured_media":0,"comment_status":"open","ping_status":"closed","sticky":false,"template":"","format":"standard","meta":[],"categories":[1],"tags":[],"_links":{"self":[{"href":"https:\/\/blogs.elcomercio.es\/reflexiones-de-belarmino\/wp-json\/wp\/v2\/posts\/35389"}],"collection":[{"href":"https:\/\/blogs.elcomercio.es\/reflexiones-de-belarmino\/wp-json\/wp\/v2\/posts"}],"about":[{"href":"https:\/\/blogs.elcomercio.es\/reflexiones-de-belarmino\/wp-json\/wp\/v2\/types\/post"}],"author":[{"embeddable":true,"href":"https:\/\/blogs.elcomercio.es\/reflexiones-de-belarmino\/wp-json\/wp\/v2\/users\/16"}],"replies":[{"embeddable":true,"href":"https:\/\/blogs.elcomercio.es\/reflexiones-de-belarmino\/wp-json\/wp\/v2\/comments?post=35389"}],"version-history":[{"count":1,"href":"https:\/\/blogs.elcomercio.es\/reflexiones-de-belarmino\/wp-json\/wp\/v2\/posts\/35389\/revisions"}],"predecessor-version":[{"id":35390,"href":"https:\/\/blogs.elcomercio.es\/reflexiones-de-belarmino\/wp-json\/wp\/v2\/posts\/35389\/revisions\/35390"}],"wp:attachment":[{"href":"https:\/\/blogs.elcomercio.es\/reflexiones-de-belarmino\/wp-json\/wp\/v2\/media?parent=35389"}],"wp:term":[{"taxonomy":"category","embeddable":true,"href":"https:\/\/blogs.elcomercio.es\/reflexiones-de-belarmino\/wp-json\/wp\/v2\/categories?post=35389"},{"taxonomy":"post_tag","embeddable":true,"href":"https:\/\/blogs.elcomercio.es\/reflexiones-de-belarmino\/wp-json\/wp\/v2\/tags?post=35389"}],"curies":[{"name":"wp","href":"https:\/\/api.w.org\/{rel}","templated":true}]}}