{"id":35396,"date":"2024-03-25T16:03:39","date_gmt":"2024-03-25T15:03:39","guid":{"rendered":"https:\/\/blogs.elcomercio.es\/reflexiones-de-belarmino\/?p=35396"},"modified":"2024-03-25T16:03:39","modified_gmt":"2024-03-25T15:03:39","slug":"si-donald-trump-no-paga-hoy-en-nueva-york-los-454-millones-de-dolares-perderia-la-torre-trump","status":"publish","type":"post","link":"https:\/\/blogs.elcomercio.es\/reflexiones-de-belarmino\/2024\/03\/25\/si-donald-trump-no-paga-hoy-en-nueva-york-los-454-millones-de-dolares-perderia-la-torre-trump\/","title":{"rendered":"\u00a1\u00a1\u00a1SI DONALD TRUMP NO PAGA HOY EN NUEVA YORK LOS 454 MILLONES DE DOLARES , PERDER\u00cdA LA TORRE TRUMP !!!"},"content":{"rendered":"<p><b>Hoy es el d\u00eda para Donald Trump. Si no paga hoy los 454 millones de d\u00f3lares de fianza por evasi\u00f3n\u00a0fiscal , o se ir\u00e1n\u00a0sobre sus propiedades, en especial la Torre Trump&#8230;&#8230;\u00a1\u00a1\u00a1El GRAN HOMBRE DE NEGOCIOS DE LOS EE.UU.&#8221;!!!(SIC)<\/b><\/p>\n<!-- AddThis Advanced Settings generic via filter on the_content --><!-- AddThis Share Buttons generic via filter on the_content -->","protected":false},"excerpt":{"rendered":"<p>Hoy es el d\u00eda para Donald Trump. Si no paga hoy los 454 millones de d\u00f3lares de fianza por evasi\u00f3n\u00a0fiscal , o se ir\u00e1n\u00a0sobre sus propiedades, en especial la Torre Trump&#8230;&#8230;\u00a1\u00a1\u00a1El GRAN HOMBRE DE NEGOCIOS DE LOS EE.UU.&#8221;!!!(SIC)<!-- AddThis Advanced Settings generic via filter on get_the_excerpt --><!-- AddThis Share Buttons generic via filter on get_the_excerpt --><\/p>\n","protected":false},"author":16,"featured_media":0,"comment_status":"open","ping_status":"closed","sticky":false,"template":"","format":"standard","meta":[],"categories":[1],"tags":[],"_links":{"self":[{"href":"https:\/\/blogs.elcomercio.es\/reflexiones-de-belarmino\/wp-json\/wp\/v2\/posts\/35396"}],"collection":[{"href":"https:\/\/blogs.elcomercio.es\/reflexiones-de-belarmino\/wp-json\/wp\/v2\/posts"}],"about":[{"href":"https:\/\/blogs.elcomercio.es\/reflexiones-de-belarmino\/wp-json\/wp\/v2\/types\/post"}],"author":[{"embeddable":true,"href":"https:\/\/blogs.elcomercio.es\/reflexiones-de-belarmino\/wp-json\/wp\/v2\/users\/16"}],"replies":[{"embeddable":true,"href":"https:\/\/blogs.elcomercio.es\/reflexiones-de-belarmino\/wp-json\/wp\/v2\/comments?post=35396"}],"version-history":[{"count":1,"href":"https:\/\/blogs.elcomercio.es\/reflexiones-de-belarmino\/wp-json\/wp\/v2\/posts\/35396\/revisions"}],"predecessor-version":[{"id":35397,"href":"https:\/\/blogs.elcomercio.es\/reflexiones-de-belarmino\/wp-json\/wp\/v2\/posts\/35396\/revisions\/35397"}],"wp:attachment":[{"href":"https:\/\/blogs.elcomercio.es\/reflexiones-de-belarmino\/wp-json\/wp\/v2\/media?parent=35396"}],"wp:term":[{"taxonomy":"category","embeddable":true,"href":"https:\/\/blogs.elcomercio.es\/reflexiones-de-belarmino\/wp-json\/wp\/v2\/categories?post=35396"},{"taxonomy":"post_tag","embeddable":true,"href":"https:\/\/blogs.elcomercio.es\/reflexiones-de-belarmino\/wp-json\/wp\/v2\/tags?post=35396"}],"curies":[{"name":"wp","href":"https:\/\/api.w.org\/{rel}","templated":true}]}}