{"id":35398,"date":"2024-03-25T18:24:48","date_gmt":"2024-03-25T17:24:48","guid":{"rendered":"https:\/\/blogs.elcomercio.es\/reflexiones-de-belarmino\/?p=35398"},"modified":"2024-03-25T18:24:48","modified_gmt":"2024-03-25T17:24:48","slug":"la-marca-espana-en-brasil","status":"publish","type":"post","link":"https:\/\/blogs.elcomercio.es\/reflexiones-de-belarmino\/2024\/03\/25\/la-marca-espana-en-brasil\/","title":{"rendered":"\u00a1\u00a1\u00a1\u00a1LA MARCA ESPA\u00d1A EN BRASIL !!!"},"content":{"rendered":"<p><b>Mientras, desafiante, rodeado de polic\u00edas, con el mill\u00f3n de euros depositados, Dani Alves sal\u00eda con una prepotencia inusual, que no se vio ni con Rato, ni con B\u00e1rcenas, Vinicius, el gran estrella brasileiro estallaba en llanto en una conferencia de prensa, el d\u00eda antes del Brasil Espa\u00f1a ante la presi\u00f3n de todos los ataques racistas que recibe en cada estado espa\u00f1ol, y que casi quiere dejar de jugara al\u00a0f\u00fatbol. Al buen entendedor de lo que nos pasa, pocas palabras.<\/b><\/p>\n<!-- AddThis Advanced Settings generic via filter on the_content --><!-- AddThis Share Buttons generic via filter on the_content -->","protected":false},"excerpt":{"rendered":"<p>Mientras, desafiante, rodeado de polic\u00edas, con el mill\u00f3n de euros depositados, Dani Alves sal\u00eda con una prepotencia inusual, que no se vio ni con Rato, ni con B\u00e1rcenas, Vinicius, el gran estrella brasileiro estallaba en llanto en una conferencia de prensa, el d\u00eda antes del Brasil Espa\u00f1a ante la presi\u00f3n de todos los ataques racistas [&hellip;]<!-- AddThis Advanced Settings generic via filter on get_the_excerpt --><!-- AddThis Share Buttons generic via filter on get_the_excerpt --><\/p>\n","protected":false},"author":16,"featured_media":0,"comment_status":"open","ping_status":"closed","sticky":false,"template":"","format":"standard","meta":[],"categories":[1],"tags":[],"_links":{"self":[{"href":"https:\/\/blogs.elcomercio.es\/reflexiones-de-belarmino\/wp-json\/wp\/v2\/posts\/35398"}],"collection":[{"href":"https:\/\/blogs.elcomercio.es\/reflexiones-de-belarmino\/wp-json\/wp\/v2\/posts"}],"about":[{"href":"https:\/\/blogs.elcomercio.es\/reflexiones-de-belarmino\/wp-json\/wp\/v2\/types\/post"}],"author":[{"embeddable":true,"href":"https:\/\/blogs.elcomercio.es\/reflexiones-de-belarmino\/wp-json\/wp\/v2\/users\/16"}],"replies":[{"embeddable":true,"href":"https:\/\/blogs.elcomercio.es\/reflexiones-de-belarmino\/wp-json\/wp\/v2\/comments?post=35398"}],"version-history":[{"count":1,"href":"https:\/\/blogs.elcomercio.es\/reflexiones-de-belarmino\/wp-json\/wp\/v2\/posts\/35398\/revisions"}],"predecessor-version":[{"id":35399,"href":"https:\/\/blogs.elcomercio.es\/reflexiones-de-belarmino\/wp-json\/wp\/v2\/posts\/35398\/revisions\/35399"}],"wp:attachment":[{"href":"https:\/\/blogs.elcomercio.es\/reflexiones-de-belarmino\/wp-json\/wp\/v2\/media?parent=35398"}],"wp:term":[{"taxonomy":"category","embeddable":true,"href":"https:\/\/blogs.elcomercio.es\/reflexiones-de-belarmino\/wp-json\/wp\/v2\/categories?post=35398"},{"taxonomy":"post_tag","embeddable":true,"href":"https:\/\/blogs.elcomercio.es\/reflexiones-de-belarmino\/wp-json\/wp\/v2\/tags?post=35398"}],"curies":[{"name":"wp","href":"https:\/\/api.w.org\/{rel}","templated":true}]}}