{"id":35400,"date":"2024-03-25T18:39:20","date_gmt":"2024-03-25T17:39:20","guid":{"rendered":"https:\/\/blogs.elcomercio.es\/reflexiones-de-belarmino\/?p=35400"},"modified":"2024-03-25T18:39:20","modified_gmt":"2024-03-25T17:39:20","slug":"ultima-hora-aprueba-el-consejo-de-seguridad-con-la-abstencion-de-eee-uu-el-alto-al-fuego-netanyahu-cancela-el-viaje-a-washington-de-su-delegacion","status":"publish","type":"post","link":"https:\/\/blogs.elcomercio.es\/reflexiones-de-belarmino\/2024\/03\/25\/ultima-hora-aprueba-el-consejo-de-seguridad-con-la-abstencion-de-eee-uu-el-alto-al-fuego-netanyahu-cancela-el-viaje-a-washington-de-su-delegacion\/","title":{"rendered":"\u00a1\u00a1\u00a1ULTIMA HORA.- APRUEBA EL CONSEJO DE SEGURIDAD, CON LA ABSTENCION DE EEE.UU. EL ALTO AL FUEGO. NETANYAHU CANCELA EL VIAJE A WASHINGTON DE SU DELEGACI\u00d3N !!!"},"content":{"rendered":"<p><b>Por fin, hace unas horas, Estados Unidos LEVANT\u00d3 EL VETO en el Consejo de Seguridad para el alto al fuego inmediato\u00a0&#8211;\u00a0Netanyahu, furioso, cancel\u00f3 el viaje de su delegaci\u00f3n a Washington. Netanyahu no entiende nada, ni a nadie. Ha llamado a Gutierres y a la ONU antisemita, pero nunca pens\u00f3 que EE:UU, se iba a abstener y lograr, seguramente el alto al fuego.<\/b><\/p>\n<p><strong>Lanzarse a una ofensiva terrestre y arrasar al\u00a0 1,200,000 habitantes acorralados en Rafah, creemos que con\u00a0 el retiro del apoyo de EE:UU. no se van a atrever, aunque ayer dijo, que lo har\u00eda con o sin el apoyo de Estados UNidos, pero&#8230;..<\/strong><\/p>\n<p><strong>Mientras en Israel, en la televisi\u00f3n no aparecen imagenes de muertos, heridos y s\u00f3lo las acciones, como buenos samaritanos, de sus &#8221; chicos y chicas&#8221;. NETANYAHU VA A DURAR POCO.<\/strong><\/p>\n<!-- AddThis Advanced Settings generic via filter on the_content --><!-- AddThis Share Buttons generic via filter on the_content -->","protected":false},"excerpt":{"rendered":"<p>Por fin, hace unas horas, Estados Unidos LEVANT\u00d3 EL VETO en el Consejo de Seguridad para el alto al fuego inmediato\u00a0&#8211;\u00a0Netanyahu, furioso, cancel\u00f3 el viaje de su delegaci\u00f3n a Washington. Netanyahu no entiende nada, ni a nadie. Ha llamado a Gutierres y a la ONU antisemita, pero nunca pens\u00f3 que EE:UU, se iba a abstener [&hellip;]<!-- AddThis Advanced Settings generic via filter on get_the_excerpt --><!-- AddThis Share Buttons generic via filter on get_the_excerpt --><\/p>\n","protected":false},"author":16,"featured_media":0,"comment_status":"open","ping_status":"closed","sticky":false,"template":"","format":"standard","meta":[],"categories":[1],"tags":[],"_links":{"self":[{"href":"https:\/\/blogs.elcomercio.es\/reflexiones-de-belarmino\/wp-json\/wp\/v2\/posts\/35400"}],"collection":[{"href":"https:\/\/blogs.elcomercio.es\/reflexiones-de-belarmino\/wp-json\/wp\/v2\/posts"}],"about":[{"href":"https:\/\/blogs.elcomercio.es\/reflexiones-de-belarmino\/wp-json\/wp\/v2\/types\/post"}],"author":[{"embeddable":true,"href":"https:\/\/blogs.elcomercio.es\/reflexiones-de-belarmino\/wp-json\/wp\/v2\/users\/16"}],"replies":[{"embeddable":true,"href":"https:\/\/blogs.elcomercio.es\/reflexiones-de-belarmino\/wp-json\/wp\/v2\/comments?post=35400"}],"version-history":[{"count":1,"href":"https:\/\/blogs.elcomercio.es\/reflexiones-de-belarmino\/wp-json\/wp\/v2\/posts\/35400\/revisions"}],"predecessor-version":[{"id":35401,"href":"https:\/\/blogs.elcomercio.es\/reflexiones-de-belarmino\/wp-json\/wp\/v2\/posts\/35400\/revisions\/35401"}],"wp:attachment":[{"href":"https:\/\/blogs.elcomercio.es\/reflexiones-de-belarmino\/wp-json\/wp\/v2\/media?parent=35400"}],"wp:term":[{"taxonomy":"category","embeddable":true,"href":"https:\/\/blogs.elcomercio.es\/reflexiones-de-belarmino\/wp-json\/wp\/v2\/categories?post=35400"},{"taxonomy":"post_tag","embeddable":true,"href":"https:\/\/blogs.elcomercio.es\/reflexiones-de-belarmino\/wp-json\/wp\/v2\/tags?post=35400"}],"curies":[{"name":"wp","href":"https:\/\/api.w.org\/{rel}","templated":true}]}}