{"id":35410,"date":"2024-03-26T10:55:00","date_gmt":"2024-03-26T09:55:00","guid":{"rendered":"https:\/\/blogs.elcomercio.es\/reflexiones-de-belarmino\/?p=35410"},"modified":"2024-03-26T10:55:35","modified_gmt":"2024-03-26T09:55:35","slug":"la-economia-espanola-crecio-en-2023-2-5-cinco-veces-mas-que-el-promedio-de-la-zona-euro","status":"publish","type":"post","link":"https:\/\/blogs.elcomercio.es\/reflexiones-de-belarmino\/2024\/03\/26\/la-economia-espanola-crecio-en-2023-2-5-cinco-veces-mas-que-el-promedio-de-la-zona-euro\/","title":{"rendered":"\u00a1\u00a1\u00a1LA ECONOMIA ESPA\u00d1OLA CRECI\u00d3 EN 2023 2.5 %, CINCO VECES M\u00c1S QUE EL PROMEDIO DE LA ZONA EURO !!!"},"content":{"rendered":"<p><b>&#8221; CUATRO DE CADA DIEZ EMPLEOS DE LA EUROZONA FUERON CREADOS EN ESPA\u00d1A &#8220;, con datos del INE, lo inform\u00f3 ayer Carlos Cuerpo el Ministro de Econom\u00eda. El empleo est\u00e1 en 21 millones y al subir el 0.6 % la econom\u00eda en el cuarto trimestre la econom\u00eda espa\u00f1ola creci\u00f3\u00a02.5 % del PIB, CINCO VECES MAS QUE EL PROMEDIO DE LA ZONA EURO..<\/b><\/p>\n<p><b>Y eso a pesar de las tensiones pol\u00edticas\u00a0internas.<\/b><\/p>\n<!-- AddThis Advanced Settings generic via filter on the_content --><!-- AddThis Share Buttons generic via filter on the_content -->","protected":false},"excerpt":{"rendered":"<p>&#8221; CUATRO DE CADA DIEZ EMPLEOS DE LA EUROZONA FUERON CREADOS EN ESPA\u00d1A &#8220;, con datos del INE, lo inform\u00f3 ayer Carlos Cuerpo el Ministro de Econom\u00eda. El empleo est\u00e1 en 21 millones y al subir el 0.6 % la econom\u00eda en el cuarto trimestre la econom\u00eda espa\u00f1ola creci\u00f3\u00a02.5 % del PIB, CINCO VECES MAS [&hellip;]<!-- AddThis Advanced Settings generic via filter on get_the_excerpt --><!-- AddThis Share Buttons generic via filter on get_the_excerpt --><\/p>\n","protected":false},"author":16,"featured_media":0,"comment_status":"open","ping_status":"closed","sticky":false,"template":"","format":"standard","meta":[],"categories":[1],"tags":[],"_links":{"self":[{"href":"https:\/\/blogs.elcomercio.es\/reflexiones-de-belarmino\/wp-json\/wp\/v2\/posts\/35410"}],"collection":[{"href":"https:\/\/blogs.elcomercio.es\/reflexiones-de-belarmino\/wp-json\/wp\/v2\/posts"}],"about":[{"href":"https:\/\/blogs.elcomercio.es\/reflexiones-de-belarmino\/wp-json\/wp\/v2\/types\/post"}],"author":[{"embeddable":true,"href":"https:\/\/blogs.elcomercio.es\/reflexiones-de-belarmino\/wp-json\/wp\/v2\/users\/16"}],"replies":[{"embeddable":true,"href":"https:\/\/blogs.elcomercio.es\/reflexiones-de-belarmino\/wp-json\/wp\/v2\/comments?post=35410"}],"version-history":[{"count":2,"href":"https:\/\/blogs.elcomercio.es\/reflexiones-de-belarmino\/wp-json\/wp\/v2\/posts\/35410\/revisions"}],"predecessor-version":[{"id":35412,"href":"https:\/\/blogs.elcomercio.es\/reflexiones-de-belarmino\/wp-json\/wp\/v2\/posts\/35410\/revisions\/35412"}],"wp:attachment":[{"href":"https:\/\/blogs.elcomercio.es\/reflexiones-de-belarmino\/wp-json\/wp\/v2\/media?parent=35410"}],"wp:term":[{"taxonomy":"category","embeddable":true,"href":"https:\/\/blogs.elcomercio.es\/reflexiones-de-belarmino\/wp-json\/wp\/v2\/categories?post=35410"},{"taxonomy":"post_tag","embeddable":true,"href":"https:\/\/blogs.elcomercio.es\/reflexiones-de-belarmino\/wp-json\/wp\/v2\/tags?post=35410"}],"curies":[{"name":"wp","href":"https:\/\/api.w.org\/{rel}","templated":true}]}}