{"id":35413,"date":"2024-03-26T12:46:04","date_gmt":"2024-03-26T11:46:04","guid":{"rendered":"https:\/\/blogs.elcomercio.es\/reflexiones-de-belarmino\/?p=35413"},"modified":"2024-03-26T12:46:04","modified_gmt":"2024-03-26T11:46:04","slug":"francia-e-italia-en-alerta-maxima-espana-nivel-4-reforzado-la-caida-del-puente-de-baltimore-accidente","status":"publish","type":"post","link":"https:\/\/blogs.elcomercio.es\/reflexiones-de-belarmino\/2024\/03\/26\/francia-e-italia-en-alerta-maxima-espana-nivel-4-reforzado-la-caida-del-puente-de-baltimore-accidente\/","title":{"rendered":"\u00a1\u00a1\u00a1FRANCIA E ITALIA EN ALERTA MAXIMA. ESPA\u00d1A NIVEL 4 REFORZADO.- LA CA\u00cdDA DEL PUENTE DE BALTIMORE, \u00bfACCIDENTE ? !!!"},"content":{"rendered":"<p><b>Estamos empezando la Semana Santa y luego vendr\u00e1 de Pascua. Movilizaciones en el mundo, procesiones, eventos masivos\u00a0y alertas por todos lados. Francia ha decretado alerta m\u00e1xima contra el terrorismo, Italia, m\u00e1xima reforzada, Espa\u00f1a nivel 4 reforzado, y as\u00ed, deben de estar todos los paises de occidente cristianos, ya cat\u00f3licos apost\u00f3licos\u00a0romanos, ya ortodoxos, ya protestantes. 1,800,000 millones de los 8,000 millones que habitamos el mundo.<\/b><\/p>\n<p><b>El golpe a Mosc\u00fa, fue seco, pero no ser\u00e1 el \u00fanico. Al ver hoy en la ma\u00f1ana como un barco carguero se estrellaba contra uno de los pilares de uno de los puentes m\u00e1s importantes del mundo, el Francis Scott Kei con 26 kil\u00f3metros , cuatro carriles, donde circulan al a\u00f1o\u00a0 11 millones de personas, para cruzar de Maryland e Nueva York, en el lugar preciso que desplom\u00f3 el puente, nos\u00a0recordaba aquella precisi\u00f3n de donde estrellar un avi\u00f3n\u00a0para que cayeran\u00a0las Torres Gemelas..<\/b><\/p>\n<p><b>No hay ninguna informaci\u00f3n que nos lleve a pensar en ello,\u00a0 pero, en decenas de a\u00f1os, uno de los miles y miles de cargueros, no hab\u00edan chocado con el pilar, que har\u00eda caer todo el hist\u00f3rico\u00a0puente, como un castillo de naipes.<\/b><\/p>\n<p>&nbsp;<\/p>\n<!-- AddThis Advanced Settings generic via filter on the_content --><!-- AddThis Share Buttons generic via filter on the_content -->","protected":false},"excerpt":{"rendered":"<p>Estamos empezando la Semana Santa y luego vendr\u00e1 de Pascua. Movilizaciones en el mundo, procesiones, eventos masivos\u00a0y alertas por todos lados. Francia ha decretado alerta m\u00e1xima contra el terrorismo, Italia, m\u00e1xima reforzada, Espa\u00f1a nivel 4 reforzado, y as\u00ed, deben de estar todos los paises de occidente cristianos, ya cat\u00f3licos apost\u00f3licos\u00a0romanos, ya ortodoxos, ya protestantes. 1,800,000 [&hellip;]<!-- AddThis Advanced Settings generic via filter on get_the_excerpt --><!-- AddThis Share Buttons generic via filter on get_the_excerpt --><\/p>\n","protected":false},"author":16,"featured_media":0,"comment_status":"open","ping_status":"closed","sticky":false,"template":"","format":"standard","meta":[],"categories":[1],"tags":[],"_links":{"self":[{"href":"https:\/\/blogs.elcomercio.es\/reflexiones-de-belarmino\/wp-json\/wp\/v2\/posts\/35413"}],"collection":[{"href":"https:\/\/blogs.elcomercio.es\/reflexiones-de-belarmino\/wp-json\/wp\/v2\/posts"}],"about":[{"href":"https:\/\/blogs.elcomercio.es\/reflexiones-de-belarmino\/wp-json\/wp\/v2\/types\/post"}],"author":[{"embeddable":true,"href":"https:\/\/blogs.elcomercio.es\/reflexiones-de-belarmino\/wp-json\/wp\/v2\/users\/16"}],"replies":[{"embeddable":true,"href":"https:\/\/blogs.elcomercio.es\/reflexiones-de-belarmino\/wp-json\/wp\/v2\/comments?post=35413"}],"version-history":[{"count":1,"href":"https:\/\/blogs.elcomercio.es\/reflexiones-de-belarmino\/wp-json\/wp\/v2\/posts\/35413\/revisions"}],"predecessor-version":[{"id":35414,"href":"https:\/\/blogs.elcomercio.es\/reflexiones-de-belarmino\/wp-json\/wp\/v2\/posts\/35413\/revisions\/35414"}],"wp:attachment":[{"href":"https:\/\/blogs.elcomercio.es\/reflexiones-de-belarmino\/wp-json\/wp\/v2\/media?parent=35413"}],"wp:term":[{"taxonomy":"category","embeddable":true,"href":"https:\/\/blogs.elcomercio.es\/reflexiones-de-belarmino\/wp-json\/wp\/v2\/categories?post=35413"},{"taxonomy":"post_tag","embeddable":true,"href":"https:\/\/blogs.elcomercio.es\/reflexiones-de-belarmino\/wp-json\/wp\/v2\/tags?post=35413"}],"curies":[{"name":"wp","href":"https:\/\/api.w.org\/{rel}","templated":true}]}}