{"id":35417,"date":"2024-03-26T14:02:12","date_gmt":"2024-03-26T13:02:12","guid":{"rendered":"https:\/\/blogs.elcomercio.es\/reflexiones-de-belarmino\/?p=35417"},"modified":"2024-03-26T14:02:12","modified_gmt":"2024-03-26T13:02:12","slug":"joaquin-leguina-socialista-desde-1983-fichado-por-ayuso-por-100000-euros","status":"publish","type":"post","link":"https:\/\/blogs.elcomercio.es\/reflexiones-de-belarmino\/2024\/03\/26\/joaquin-leguina-socialista-desde-1983-fichado-por-ayuso-por-100000-euros\/","title":{"rendered":"\u00a1\u00a1\u00a1\u00a1\u00a1JOAQUIN LEGUINA, SOCIALISTA DESDE 1983,  FICHADO POR AYUSO POR&#8230;100,000 EUROS !!!"},"content":{"rendered":"<p><b>Si Pablo Iglesias, en su tumba del Cementerio Civil de Madrid, oyese la noticia, se levantar\u00eda indignado\u00a0de su tumba. Joaqu\u00edn Leguina miembro del partido desde que \u00e9ste lleg\u00f3 al gobierno con Felipe Gonz\u00e1lez ya en 1983, primer presidente socialista de la Comunidad\u00a0de Madrid, opositor\u00a0como Page, Felipe y compa\u00f1\u00eda a Pedro Sanchez, que hace 2 a\u00f1os pidi\u00f3 el voto para Diaz Ayuso, motivo por el que fue expulsado del PSOE junto con el hijo de Nicolas Redondo, a sus 83 a\u00f1os, fich\u00f3 ayer con Isabel D\u00edaz Ayuso para un puesto en la Comunidad por 100,000 euros anuales.<\/b><\/p>\n<p><b>En 1982 m con el triunfo de Felipe Gonz\u00e1lez, arrollador, el Partido Socialista Obrero Espa\u00f1ol, s\u00f3lo ten\u00eda, recuerdo 140,000 afiliados, incapaces\u00a0de cubrir todos los espacios en los gobiernos.Como muchos comunistas que vieron el fracaso en las elecciones de su hist\u00f3rico del partido SE SUBIERON AL CARRO SOCIALISTA, COMO ARECES EN ASTURIAS Y LEGUINA EN MADRID.<\/b><\/p>\n<p><b>Joaquin Leguina una verg\u00fcenza\u00a0para el Partido Socialista Obrero Espa\u00f1ol acaba de materializar la frase mexicana, que trajo aqu\u00ed guerra: VIVIR FUERA DEL PRESUPUESTO, ES VIVIR EN EL ERROR, que dijo el Embajador Garizurieta, antes de suicidarse.<\/b><\/p>\n<p><strong>Bien huido,don Joaqu\u00edn.<\/strong><\/p>\n<!-- AddThis Advanced Settings generic via filter on the_content --><!-- AddThis Share Buttons generic via filter on the_content -->","protected":false},"excerpt":{"rendered":"<p>Si Pablo Iglesias, en su tumba del Cementerio Civil de Madrid, oyese la noticia, se levantar\u00eda indignado\u00a0de su tumba. Joaqu\u00edn Leguina miembro del partido desde que \u00e9ste lleg\u00f3 al gobierno con Felipe Gonz\u00e1lez ya en 1983, primer presidente socialista de la Comunidad\u00a0de Madrid, opositor\u00a0como Page, Felipe y compa\u00f1\u00eda a Pedro Sanchez, que hace 2 a\u00f1os [&hellip;]<!-- AddThis Advanced Settings generic via filter on get_the_excerpt --><!-- AddThis Share Buttons generic via filter on get_the_excerpt --><\/p>\n","protected":false},"author":16,"featured_media":0,"comment_status":"open","ping_status":"closed","sticky":false,"template":"","format":"standard","meta":[],"categories":[1],"tags":[],"_links":{"self":[{"href":"https:\/\/blogs.elcomercio.es\/reflexiones-de-belarmino\/wp-json\/wp\/v2\/posts\/35417"}],"collection":[{"href":"https:\/\/blogs.elcomercio.es\/reflexiones-de-belarmino\/wp-json\/wp\/v2\/posts"}],"about":[{"href":"https:\/\/blogs.elcomercio.es\/reflexiones-de-belarmino\/wp-json\/wp\/v2\/types\/post"}],"author":[{"embeddable":true,"href":"https:\/\/blogs.elcomercio.es\/reflexiones-de-belarmino\/wp-json\/wp\/v2\/users\/16"}],"replies":[{"embeddable":true,"href":"https:\/\/blogs.elcomercio.es\/reflexiones-de-belarmino\/wp-json\/wp\/v2\/comments?post=35417"}],"version-history":[{"count":2,"href":"https:\/\/blogs.elcomercio.es\/reflexiones-de-belarmino\/wp-json\/wp\/v2\/posts\/35417\/revisions"}],"predecessor-version":[{"id":35419,"href":"https:\/\/blogs.elcomercio.es\/reflexiones-de-belarmino\/wp-json\/wp\/v2\/posts\/35417\/revisions\/35419"}],"wp:attachment":[{"href":"https:\/\/blogs.elcomercio.es\/reflexiones-de-belarmino\/wp-json\/wp\/v2\/media?parent=35417"}],"wp:term":[{"taxonomy":"category","embeddable":true,"href":"https:\/\/blogs.elcomercio.es\/reflexiones-de-belarmino\/wp-json\/wp\/v2\/categories?post=35417"},{"taxonomy":"post_tag","embeddable":true,"href":"https:\/\/blogs.elcomercio.es\/reflexiones-de-belarmino\/wp-json\/wp\/v2\/tags?post=35417"}],"curies":[{"name":"wp","href":"https:\/\/api.w.org\/{rel}","templated":true}]}}