{"id":35420,"date":"2024-03-26T14:20:13","date_gmt":"2024-03-26T13:20:13","guid":{"rendered":"https:\/\/blogs.elcomercio.es\/reflexiones-de-belarmino\/?p=35420"},"modified":"2024-03-26T14:20:13","modified_gmt":"2024-03-26T13:20:13","slug":"no-habra-ofensiva-en-rafah-relatora-onu-declara-que-israel-cometio-genocidio-avanza-acuerdos-rehenes-y-macron-llamo-a-netanyahu-para-parar-cualquier-intento","status":"publish","type":"post","link":"https:\/\/blogs.elcomercio.es\/reflexiones-de-belarmino\/2024\/03\/26\/no-habra-ofensiva-en-rafah-relatora-onu-declara-que-israel-cometio-genocidio-avanza-acuerdos-rehenes-y-macron-llamo-a-netanyahu-para-parar-cualquier-intento\/","title":{"rendered":"\u00a1\u00a1\u00a1NO HABR\u00c1 OFENSIVA EN RAFAH..- RELATORA ONU DECLARA QUE ISRAEL COMETI\u00d3 GENOCIDIO, AVANZA ACUERDOS REHENES Y MACRON LLAM\u00d3 A NETANYAHU PARA PARAR CUALQUIER INTENTO !!!"},"content":{"rendered":"<p><b>NO HABR\u00c1\u00a0OFENSIVA EN RAFAH.. La decisi\u00f3n ayer del Consejo de Seguridad, la acusaci\u00f3n de la Relatora de la ONU\u00a0 FRancess Albanese de que Israel cometi\u00f3 genocidio; la posici\u00f3n de su n\u00famero dos, el cambio de Estados Unidos, era un presagio, pero \u00bf Quien garantizaba con fuerza militar que se cumpliese el acuerdo?. Pues MACRON. Que acaba de llamar a Netanyahu pera pedirle que no se atreva a a desobedecer a la ONU..<\/b><\/p>\n<p><b>Antes del fin del Ramad\u00e1n, 9 de abril, habr\u00e1\u00a0intercambio de rehenes 800 palestsinos y 40 israeelitas, y habr\u00e1\u00a0alto al fuego.<\/b><\/p>\n<p><strong>Gutierres ha estado a la altura.<\/strong><\/p>\n<!-- AddThis Advanced Settings generic via filter on the_content --><!-- AddThis Share Buttons generic via filter on the_content -->","protected":false},"excerpt":{"rendered":"<p>NO HABR\u00c1\u00a0OFENSIVA EN RAFAH.. La decisi\u00f3n ayer del Consejo de Seguridad, la acusaci\u00f3n de la Relatora de la ONU\u00a0 FRancess Albanese de que Israel cometi\u00f3 genocidio; la posici\u00f3n de su n\u00famero dos, el cambio de Estados Unidos, era un presagio, pero \u00bf Quien garantizaba con fuerza militar que se cumpliese el acuerdo?. Pues MACRON. Que [&hellip;]<!-- AddThis Advanced Settings generic via filter on get_the_excerpt --><!-- AddThis Share Buttons generic via filter on get_the_excerpt --><\/p>\n","protected":false},"author":16,"featured_media":0,"comment_status":"open","ping_status":"closed","sticky":false,"template":"","format":"standard","meta":[],"categories":[1],"tags":[],"_links":{"self":[{"href":"https:\/\/blogs.elcomercio.es\/reflexiones-de-belarmino\/wp-json\/wp\/v2\/posts\/35420"}],"collection":[{"href":"https:\/\/blogs.elcomercio.es\/reflexiones-de-belarmino\/wp-json\/wp\/v2\/posts"}],"about":[{"href":"https:\/\/blogs.elcomercio.es\/reflexiones-de-belarmino\/wp-json\/wp\/v2\/types\/post"}],"author":[{"embeddable":true,"href":"https:\/\/blogs.elcomercio.es\/reflexiones-de-belarmino\/wp-json\/wp\/v2\/users\/16"}],"replies":[{"embeddable":true,"href":"https:\/\/blogs.elcomercio.es\/reflexiones-de-belarmino\/wp-json\/wp\/v2\/comments?post=35420"}],"version-history":[{"count":2,"href":"https:\/\/blogs.elcomercio.es\/reflexiones-de-belarmino\/wp-json\/wp\/v2\/posts\/35420\/revisions"}],"predecessor-version":[{"id":35422,"href":"https:\/\/blogs.elcomercio.es\/reflexiones-de-belarmino\/wp-json\/wp\/v2\/posts\/35420\/revisions\/35422"}],"wp:attachment":[{"href":"https:\/\/blogs.elcomercio.es\/reflexiones-de-belarmino\/wp-json\/wp\/v2\/media?parent=35420"}],"wp:term":[{"taxonomy":"category","embeddable":true,"href":"https:\/\/blogs.elcomercio.es\/reflexiones-de-belarmino\/wp-json\/wp\/v2\/categories?post=35420"},{"taxonomy":"post_tag","embeddable":true,"href":"https:\/\/blogs.elcomercio.es\/reflexiones-de-belarmino\/wp-json\/wp\/v2\/tags?post=35420"}],"curies":[{"name":"wp","href":"https:\/\/api.w.org\/{rel}","templated":true}]}}