{"id":35423,"date":"2024-03-26T19:00:29","date_gmt":"2024-03-26T18:00:29","guid":{"rendered":"https:\/\/blogs.elcomercio.es\/reflexiones-de-belarmino\/?p=35423"},"modified":"2024-03-26T19:00:29","modified_gmt":"2024-03-26T18:00:29","slug":"cual-profesor-de-pueblo-lopez-obrador-terminada-su-labor-explica-los-principios-del-humanismo-mexicano-las-bases-del-proyecto-a-millones-por-internet","status":"publish","type":"post","link":"https:\/\/blogs.elcomercio.es\/reflexiones-de-belarmino\/2024\/03\/26\/cual-profesor-de-pueblo-lopez-obrador-terminada-su-labor-explica-los-principios-del-humanismo-mexicano-las-bases-del-proyecto-a-millones-por-internet\/","title":{"rendered":"\u00a1\u00a1\u00a1\u00a1CUAL PROFESOR DE PUEBLO, LOPEZ OBRADOR, TERMINADA SU LABOR, EXPLICA LOS PRINCIPIOS DEL HUMANISMO MEXICANO, LAS BASES DEL PROYECTO A MILLONES POR INTERNET !!!"},"content":{"rendered":"<p><b>Tengo 84 a\u00f1os. He vivido con intensidad dos paises y he procurado\u00a0tener un nivel aceptable para comprender lo que pasaba\u00a0en M\u00e9xico. Conozco las virtudes y miserias de pueblos y dirigentes y nunca hab\u00eda\u00a0encontrado a un hombre que dedicase su vida a luchar por cambiar su pa\u00eds, 31 a\u00f1os en las calles y en todos los municipios, con infarto, hipertensi\u00f3n, gota y tiroides con gran dignidad y que fallecida su esposa se lanz\u00f3 con todo a entregar\u00a0su vida por sus ideas. As\u00ed,con el conocimiento del pueblo de su pa\u00eds, con el conocimiento\u00a0de la oligarqu\u00eda, tras fraudes y ataques\u00a0para\u00a0que nunca llegara, declar\u00e1ndose Presidente\u00a0Leg\u00edtimo, y permaneciendo ene el Z\u00f3calo\u00a0y con Pase de\u00a0la Reforma tomado por el pueblo, pueblo, fue pensando en el \u00bf Como?. Ten\u00eda claro ele \u00bfpor qu\u00e9?, y el \u00bfcuando? llegar\u00eda\u00a0mas tarde que temprano.<\/b><\/p>\n<p><strong>Sin ninguna necesidad material, por que no le importaba m\u00e1s que ayudar a cambar a los millones de mujeres y hombres, campesinos y trabajadores, ancianos y j\u00f3venes, en un pa\u00eds, durante 30 a\u00f1os en manos de una minor\u00eda rapaz, que entregaba d\u00eda a d\u00eda corrrompiendose y dejando que la corrompiese, parec\u00eda un lider de los que normalmente no hay. Que entend\u00eda a la pol\u00edtica para servir al pueblo y no para servirse del pueblo.<\/strong><\/p>\n<p><b>Y entonces aquel pueblo singular, por sus ra\u00edces\u00a0ind\u00edgenas\u00a0y con una historia que\u00a0no ten\u00eda ning\u00fan pa\u00eds de Am\u00e9rica Latina, a punto de estallar, convergi\u00f3 con su lider. Y desde 2,018 logr\u00f3 una transformaci\u00f3n de ra\u00edz,\u00a0 sin violencia, en el marco constitucional mas estricto, con plenas libertades que lograron que ese pais sea uno de los m\u00e1s atractivos y con futuro mundial.<\/b><\/p>\n<p><b>Pero, a la vez, tuvo el ingenio de encontrarse en las redes sociales, y ah\u00ed d\u00eda a d\u00eda, explic\u00f3 primero lo que iba a hacer, luego como se iba haciendo y mas tarde la inauguraci\u00f3n de todo aquello que una vez se hab\u00eda so\u00f1ado.<\/b><\/p>\n<p><b>Mientras se procesaba entre millones el proceso para la continuidad del proyecto. Del !Junto haremos historia&#8221;, PROYECTO DE NACI\u00d3N\u00a0no de partido, se elgi\u00f3 democraticamente a quien diese continuidad y surgi\u00f3 una mujer de 61 a\u00f1os, f\u00edsica, maestra en f\u00edsica y doctora en f\u00edsica con prestigio a nivel internacional, pero que 31 a\u00f1os acompa\u00f1\u00f3 sus estudios con la lucha. La vocera que en las calles de Aquel Presidente\u00a0Legitimo, la que iba por todas las concentraciones y, para no parecer una mujer clase mediera, se presentaba: &#8221; SOY COMPA\u00d1ERA, ME LLAMA CLAUDIA&#8221;, es la candidata desde hace tres meses del proyecto, ahora bajo el lema: Juntos seguiremos\u00a0haciendo historia&#8221;, como candidata a la Presidencia de la Republica<\/b><\/p>\n<p><strong>Le quedan 6 meses a aquel hombre llamado Andr\u00e9s Manuel L\u00f3pez Obrador. Est\u00e1 terminando todo lo que ofreci\u00f3, pero ahora\u00a0 nos explica a todos los mexicanos, la historia, lo hecho en 1810 en la Independencia, como en M\u00e9xico fue diferente por que se aboli\u00f3 la esclavitud con Morelos, o como, como ning\u00fan pueblo de Am\u00e9rica Latina, un presidente Indigena llamado Benito JU\u00e1rez, en sintonia con Lincoln en los estados Unidos, enfrent\u00f3 a Maximiliano, mientras \u00e9l en una calesa gobernaba en Ciudad Ju\u00e1rez, o como en 1910, 7 a\u00f1os antes que Rusia, hace la primera Revoluci\u00f3n Social y en 1917 crea la Constituci\u00f3n, la primera en el mundo que incorporaba a la Garantias Individuales los Derechos Sociales, o como m\u00e1s tarde el General Cardenas Nacionaliza el Petroleo en 1938 con la simpat\u00eda de Franklin Delano Roosvelt y luego con Adolfo Lopez Mateos nacionaliza la Electricidad.<\/strong><\/p>\n<p><b>Pues, en la tranquilidad de haber logrado todo, ahora\u00a0en las Ma\u00f1aneras, durante\u00a02 horas explica al pueblo mexicano, en forma sencilla como surgi\u00f3 el proceso de lo que el llama el Humanismo Mexicano.<\/b><\/p>\n<p><strong>Tan fresco como hace 5 a\u00f1os y medio que lleg\u00f3, con un nivel de aceptaci\u00f3n del 83 % entre la poblaci\u00f3n, parece un profesor de pueblo, explic\u00e1ndonos a\u00a0 todos la historia lucha de aquel pueblo, los avances logrados.<\/strong><\/p>\n<p><strong>Mientras Claudia, recorre el pa\u00eds, como Andr\u00e9s Manuel, en olor a multitud, por que aunque no tiene la trayectoria de \u00e9ste, es mujer, y le quedan 6 a\u00f1os por delante.<\/strong><\/p>\n<p><b>Yo dejo constancia del valor de un lider, como lo deciamos en 2006 en el Restaurante Los Jarochos, en el Mercado 28, en Canc\u00fan, los 300 que nos reun\u00edamos\u00a0para empujar desde aquel rinc\u00f3n,&#8221; A LO MEJOR ESTAMOS ANTE UN LIDER DE LOS QUE SURGEN CADA 100 A\u00d1OS&#8221;<\/b><\/p>\n<p><b>Y asi fue&#8230;&#8230;.Lo trasmito desde Gij\u00f3n donde dejo constancia, mientras mis hijas, mis nietos viven un M\u00e9xico superior al que se padree encontr\u00f3 en 1940, dentro de Puri, al llegar al puerto de Veracruz, a su aire c\u00e1lido, las palmeras y un pueblo generoso, el \u00fanico, no inmerso en el conflicto que dio asilo a los refugiados espa\u00f1oles en aquellos 18 campos de concentraci\u00f3n<\/b><\/p>\n<p>&nbsp;<\/p>\n<p>&nbsp;<\/p>\n<!-- AddThis Advanced Settings generic via filter on the_content --><!-- AddThis Share Buttons generic via filter on the_content -->","protected":false},"excerpt":{"rendered":"<p>Tengo 84 a\u00f1os. He vivido con intensidad dos paises y he procurado\u00a0tener un nivel aceptable para comprender lo que pasaba\u00a0en M\u00e9xico. Conozco las virtudes y miserias de pueblos y dirigentes y nunca hab\u00eda\u00a0encontrado a un hombre que dedicase su vida a luchar por cambiar su pa\u00eds, 31 a\u00f1os en las calles y en todos los [&hellip;]<!-- AddThis Advanced Settings generic via filter on get_the_excerpt --><!-- AddThis Share Buttons generic via filter on get_the_excerpt --><\/p>\n","protected":false},"author":16,"featured_media":0,"comment_status":"open","ping_status":"closed","sticky":false,"template":"","format":"standard","meta":[],"categories":[1],"tags":[],"_links":{"self":[{"href":"https:\/\/blogs.elcomercio.es\/reflexiones-de-belarmino\/wp-json\/wp\/v2\/posts\/35423"}],"collection":[{"href":"https:\/\/blogs.elcomercio.es\/reflexiones-de-belarmino\/wp-json\/wp\/v2\/posts"}],"about":[{"href":"https:\/\/blogs.elcomercio.es\/reflexiones-de-belarmino\/wp-json\/wp\/v2\/types\/post"}],"author":[{"embeddable":true,"href":"https:\/\/blogs.elcomercio.es\/reflexiones-de-belarmino\/wp-json\/wp\/v2\/users\/16"}],"replies":[{"embeddable":true,"href":"https:\/\/blogs.elcomercio.es\/reflexiones-de-belarmino\/wp-json\/wp\/v2\/comments?post=35423"}],"version-history":[{"count":3,"href":"https:\/\/blogs.elcomercio.es\/reflexiones-de-belarmino\/wp-json\/wp\/v2\/posts\/35423\/revisions"}],"predecessor-version":[{"id":35426,"href":"https:\/\/blogs.elcomercio.es\/reflexiones-de-belarmino\/wp-json\/wp\/v2\/posts\/35423\/revisions\/35426"}],"wp:attachment":[{"href":"https:\/\/blogs.elcomercio.es\/reflexiones-de-belarmino\/wp-json\/wp\/v2\/media?parent=35423"}],"wp:term":[{"taxonomy":"category","embeddable":true,"href":"https:\/\/blogs.elcomercio.es\/reflexiones-de-belarmino\/wp-json\/wp\/v2\/categories?post=35423"},{"taxonomy":"post_tag","embeddable":true,"href":"https:\/\/blogs.elcomercio.es\/reflexiones-de-belarmino\/wp-json\/wp\/v2\/tags?post=35423"}],"curies":[{"name":"wp","href":"https:\/\/api.w.org\/{rel}","templated":true}]}}