{"id":35427,"date":"2024-03-26T20:03:09","date_gmt":"2024-03-26T19:03:09","guid":{"rendered":"https:\/\/blogs.elcomercio.es\/reflexiones-de-belarmino\/?p=35427"},"modified":"2024-03-26T20:03:29","modified_gmt":"2024-03-26T19:03:29","slug":"aznar-justifica-las-acciones-de-israel-en-gaza-tienen-que-terminar-bien-de-hacer-su-trabajo","status":"publish","type":"post","link":"https:\/\/blogs.elcomercio.es\/reflexiones-de-belarmino\/2024\/03\/26\/aznar-justifica-las-acciones-de-israel-en-gaza-tienen-que-terminar-bien-de-hacer-su-trabajo\/","title":{"rendered":"\u00a1\u00a1\u00a1\u00a1\u00a1AZNAR JUSTIFICA LAS ACCIONES DE ISRAEL EN GAZA. &#8220;TIENEN QUE TERMINAR BIEN DE HACER SU TRABAJO&#8221;!!!"},"content":{"rendered":"<p><strong>No creo que ning\u00fan dirigente del mundo pueda pronunciar lo que hizo hizo Jos\u00e9 Mar\u00eda Aznar.&#8221;Ning\u00fan alto al fuego, Israel tienen que terminar bien su trabajo. Esta rodeado en el mundo de antisionistas y si Pedro Sanchez declara la necesidad de un alto al fuego, lo hace presionado por Venezuela, los catalanes y los descendientes de ETA.&#8221;<\/strong><\/p>\n<p><strong>Lo dijimos hace a\u00f1os. De la &#8221; Asociaci\u00f3n de espa\u00f1oles en apoyo a Israel&#8221;, organizada por Rafael Bardaj\u00ed, su mano derecha cuando iba a Washington a reunirse con Bush ha 10 a\u00f1os, donde se conocieron y empezaron a actuar juntos Abascal y el anterior presidente del PP, Bardaj\u00ed ha sido el instrumento de Jos\u00e9 Mar\u00eda Aznar para vincular a VOX con el PP.<\/strong><\/p>\n<p><strong>Si alguien ten\u00eda duda del apoyo a Israel de Jos\u00e9 Maria Aznar, basta con conocer sus declaraciones de hoy justificando la acci\u00f3n en Gaza, en los 30,000 asesinatos de los gazaaties, de Israel y negarse a que hay un alto al fuego, HASTA QUE ISRAEL TERMINE BIEN SU TRABAJO.<\/strong><\/p>\n<p>&nbsp;<\/p>\n<!-- AddThis Advanced Settings generic via filter on the_content --><!-- AddThis Share Buttons generic via filter on the_content -->","protected":false},"excerpt":{"rendered":"<p>No creo que ning\u00fan dirigente del mundo pueda pronunciar lo que hizo hizo Jos\u00e9 Mar\u00eda Aznar.&#8221;Ning\u00fan alto al fuego, Israel tienen que terminar bien su trabajo. Esta rodeado en el mundo de antisionistas y si Pedro Sanchez declara la necesidad de un alto al fuego, lo hace presionado por Venezuela, los catalanes y los descendientes [&hellip;]<!-- AddThis Advanced Settings generic via filter on get_the_excerpt --><!-- AddThis Share Buttons generic via filter on get_the_excerpt --><\/p>\n","protected":false},"author":16,"featured_media":0,"comment_status":"open","ping_status":"closed","sticky":false,"template":"","format":"standard","meta":[],"categories":[1],"tags":[],"_links":{"self":[{"href":"https:\/\/blogs.elcomercio.es\/reflexiones-de-belarmino\/wp-json\/wp\/v2\/posts\/35427"}],"collection":[{"href":"https:\/\/blogs.elcomercio.es\/reflexiones-de-belarmino\/wp-json\/wp\/v2\/posts"}],"about":[{"href":"https:\/\/blogs.elcomercio.es\/reflexiones-de-belarmino\/wp-json\/wp\/v2\/types\/post"}],"author":[{"embeddable":true,"href":"https:\/\/blogs.elcomercio.es\/reflexiones-de-belarmino\/wp-json\/wp\/v2\/users\/16"}],"replies":[{"embeddable":true,"href":"https:\/\/blogs.elcomercio.es\/reflexiones-de-belarmino\/wp-json\/wp\/v2\/comments?post=35427"}],"version-history":[{"count":2,"href":"https:\/\/blogs.elcomercio.es\/reflexiones-de-belarmino\/wp-json\/wp\/v2\/posts\/35427\/revisions"}],"predecessor-version":[{"id":35429,"href":"https:\/\/blogs.elcomercio.es\/reflexiones-de-belarmino\/wp-json\/wp\/v2\/posts\/35427\/revisions\/35429"}],"wp:attachment":[{"href":"https:\/\/blogs.elcomercio.es\/reflexiones-de-belarmino\/wp-json\/wp\/v2\/media?parent=35427"}],"wp:term":[{"taxonomy":"category","embeddable":true,"href":"https:\/\/blogs.elcomercio.es\/reflexiones-de-belarmino\/wp-json\/wp\/v2\/categories?post=35427"},{"taxonomy":"post_tag","embeddable":true,"href":"https:\/\/blogs.elcomercio.es\/reflexiones-de-belarmino\/wp-json\/wp\/v2\/tags?post=35427"}],"curies":[{"name":"wp","href":"https:\/\/api.w.org\/{rel}","templated":true}]}}