{"id":35444,"date":"2024-03-27T11:48:26","date_gmt":"2024-03-27T10:48:26","guid":{"rendered":"https:\/\/blogs.elcomercio.es\/reflexiones-de-belarmino\/?p=35444"},"modified":"2024-03-27T11:48:26","modified_gmt":"2024-03-27T10:48:26","slug":"yolanda-diaz-con-dificultades-para-crear-su-estructura-organizativa-solo-el-10-la-apoyo-en-la-asamblea","status":"publish","type":"post","link":"https:\/\/blogs.elcomercio.es\/reflexiones-de-belarmino\/2024\/03\/27\/yolanda-diaz-con-dificultades-para-crear-su-estructura-organizativa-solo-el-10-la-apoyo-en-la-asamblea\/","title":{"rendered":"\u00a1\u00a1\u00a1\u00a1YOLANDA DIAZ CON DIFICULTADES PARA CREAR SU ESTRUCTURA ORGANIZATIVA. S\u00d3LO EL 10 % LA APOY\u00d3 EN LA ASAMBLEA!!!"},"content":{"rendered":"<p><b>Siempre vimos con esperanza que tanto Claudia Scheinbaum en M\u00e9xico\u00a0y Yolanda D\u00edaz en Espa\u00f1a, pudieran ,para el 2028, presidir ambos paises. Sin embargo, la consolidaci\u00f3n de la candidata de JUNTOS SEGUIREMOS HACIENDO HISTORIA, que puede no s\u00f3lo llevarla a la presidencia, sino a lograr la mayor\u00eda absoluta, no se consolidada en Espa\u00f1a con la lider de SUMAR,quien tras su fracaso en su Galicia natal, observ\u00f3\u00a0que en la Asamblea de todos los miembros para formara la estructura org\u00e1nica\u00a0para las elecciones vascas, catalanas y europeas, s\u00f3lo participaron el 10 % de sus militantes..Ha empezado, como Pablo Iglesias a atacar a\u00a0 Pedro S\u00e1nchez, muestra de debilidad.<\/b><\/p>\n<!-- AddThis Advanced Settings generic via filter on the_content --><!-- AddThis Share Buttons generic via filter on the_content -->","protected":false},"excerpt":{"rendered":"<p>Siempre vimos con esperanza que tanto Claudia Scheinbaum en M\u00e9xico\u00a0y Yolanda D\u00edaz en Espa\u00f1a, pudieran ,para el 2028, presidir ambos paises. Sin embargo, la consolidaci\u00f3n de la candidata de JUNTOS SEGUIREMOS HACIENDO HISTORIA, que puede no s\u00f3lo llevarla a la presidencia, sino a lograr la mayor\u00eda absoluta, no se consolidada en Espa\u00f1a con la lider [&hellip;]<!-- AddThis Advanced Settings generic via filter on get_the_excerpt --><!-- AddThis Share Buttons generic via filter on get_the_excerpt --><\/p>\n","protected":false},"author":16,"featured_media":0,"comment_status":"open","ping_status":"closed","sticky":false,"template":"","format":"standard","meta":[],"categories":[1],"tags":[],"_links":{"self":[{"href":"https:\/\/blogs.elcomercio.es\/reflexiones-de-belarmino\/wp-json\/wp\/v2\/posts\/35444"}],"collection":[{"href":"https:\/\/blogs.elcomercio.es\/reflexiones-de-belarmino\/wp-json\/wp\/v2\/posts"}],"about":[{"href":"https:\/\/blogs.elcomercio.es\/reflexiones-de-belarmino\/wp-json\/wp\/v2\/types\/post"}],"author":[{"embeddable":true,"href":"https:\/\/blogs.elcomercio.es\/reflexiones-de-belarmino\/wp-json\/wp\/v2\/users\/16"}],"replies":[{"embeddable":true,"href":"https:\/\/blogs.elcomercio.es\/reflexiones-de-belarmino\/wp-json\/wp\/v2\/comments?post=35444"}],"version-history":[{"count":2,"href":"https:\/\/blogs.elcomercio.es\/reflexiones-de-belarmino\/wp-json\/wp\/v2\/posts\/35444\/revisions"}],"predecessor-version":[{"id":35446,"href":"https:\/\/blogs.elcomercio.es\/reflexiones-de-belarmino\/wp-json\/wp\/v2\/posts\/35444\/revisions\/35446"}],"wp:attachment":[{"href":"https:\/\/blogs.elcomercio.es\/reflexiones-de-belarmino\/wp-json\/wp\/v2\/media?parent=35444"}],"wp:term":[{"taxonomy":"category","embeddable":true,"href":"https:\/\/blogs.elcomercio.es\/reflexiones-de-belarmino\/wp-json\/wp\/v2\/categories?post=35444"},{"taxonomy":"post_tag","embeddable":true,"href":"https:\/\/blogs.elcomercio.es\/reflexiones-de-belarmino\/wp-json\/wp\/v2\/tags?post=35444"}],"curies":[{"name":"wp","href":"https:\/\/api.w.org\/{rel}","templated":true}]}}