{"id":35458,"date":"2024-03-27T18:51:52","date_gmt":"2024-03-27T17:51:52","guid":{"rendered":"https:\/\/blogs.elcomercio.es\/reflexiones-de-belarmino\/?p=35458"},"modified":"2024-03-27T18:52:07","modified_gmt":"2024-03-27T17:52:07","slug":"denuncia-lopez-obrador-que-el-poder-judicial-de-la-federacion-prepara-un-golpe-de-estado-tecnico-para-anular-las-elecciones","status":"publish","type":"post","link":"https:\/\/blogs.elcomercio.es\/reflexiones-de-belarmino\/2024\/03\/27\/denuncia-lopez-obrador-que-el-poder-judicial-de-la-federacion-prepara-un-golpe-de-estado-tecnico-para-anular-las-elecciones\/","title":{"rendered":"\u00a1\u00a1\u00a1DENUNCIA LOPEZ  OBRADOR QUE EL PODER JUDICIAL DE LA FEDERACI\u00d3N PREPARA UN GOLPE DE ESTADO T\u00c9CNICO PARA ANULAR LAS ELECCIONES!!!"},"content":{"rendered":"<p><b>Acaba de alertarlo en su Ma\u00f1anera. &#8221; El Poder judicial de la Federaci\u00f3n\u00a0esta preparando la anulaci\u00f3n\u00a0de las elecciones del 2 de junio&#8221;. Pero, si intentan un golpe de Estado &#8221; T\u00e9cnico&#8221;, VAN A SOLTAR AL TIGRE.<\/b><\/p>\n<p><b>No lo har\u00e1n, por que EE:UU, saben que se les incendiar\u00eda\u00a0la frontera sur. Permitan me\u00a0reiterar la tesis del Secxretario de la Defensa de Ronald Reagan, que public\u00f3 en el 2000, un libro, de inmediato best seller, llamado: LA PR\u00d3XIMA\u00a0GUERRA.<\/b><\/p>\n<p><b>Su tesis. &#8221; Si estallar\u00e1 el pueblo mexicano, el ejercito de 300,000 hombres no podr\u00eda controlar un levantamiento de los 133 millones de mexicanos, y tendr\u00eda que intervenir el ejercito de EE:UU all\u00ed. Pero en Estados Unidos hay 40 millones de mexicanos, o de origen mexicano, que si tocasen a sus familiares en sus pueblos o ciudades, se levantar\u00eda, y con los negros, los j\u00f3venes PRENDER\u00cdA\u00a0FUEGO A LA FRONTERA SUR, y ello llevar\u00eda a que 40 0 50 millones de mexicanos cruzasen la frontera.<\/b><\/p>\n<p><strong>A el\u00a0 TIGRE &#8221; le pueblo mexicano que es mucha pieza&#8221;, lo soltar\u00edan, y eso a quienes menos beneficia es a Estados Unidos.<\/strong><\/p>\n<p><strong>La advertencia la acaba de hacer el presidente de la Republica Mexicana y lider natural de 100 millones de mexicanos.<\/strong><\/p>\n<!-- AddThis Advanced Settings generic via filter on the_content --><!-- AddThis Share Buttons generic via filter on the_content -->","protected":false},"excerpt":{"rendered":"<p>Acaba de alertarlo en su Ma\u00f1anera. &#8221; El Poder judicial de la Federaci\u00f3n\u00a0esta preparando la anulaci\u00f3n\u00a0de las elecciones del 2 de junio&#8221;. Pero, si intentan un golpe de Estado &#8221; T\u00e9cnico&#8221;, VAN A SOLTAR AL TIGRE. No lo har\u00e1n, por que EE:UU, saben que se les incendiar\u00eda\u00a0la frontera sur. Permitan me\u00a0reiterar la tesis del Secxretario [&hellip;]<!-- AddThis Advanced Settings generic via filter on get_the_excerpt --><!-- AddThis Share Buttons generic via filter on get_the_excerpt --><\/p>\n","protected":false},"author":16,"featured_media":0,"comment_status":"open","ping_status":"closed","sticky":false,"template":"","format":"standard","meta":[],"categories":[1],"tags":[],"_links":{"self":[{"href":"https:\/\/blogs.elcomercio.es\/reflexiones-de-belarmino\/wp-json\/wp\/v2\/posts\/35458"}],"collection":[{"href":"https:\/\/blogs.elcomercio.es\/reflexiones-de-belarmino\/wp-json\/wp\/v2\/posts"}],"about":[{"href":"https:\/\/blogs.elcomercio.es\/reflexiones-de-belarmino\/wp-json\/wp\/v2\/types\/post"}],"author":[{"embeddable":true,"href":"https:\/\/blogs.elcomercio.es\/reflexiones-de-belarmino\/wp-json\/wp\/v2\/users\/16"}],"replies":[{"embeddable":true,"href":"https:\/\/blogs.elcomercio.es\/reflexiones-de-belarmino\/wp-json\/wp\/v2\/comments?post=35458"}],"version-history":[{"count":2,"href":"https:\/\/blogs.elcomercio.es\/reflexiones-de-belarmino\/wp-json\/wp\/v2\/posts\/35458\/revisions"}],"predecessor-version":[{"id":35460,"href":"https:\/\/blogs.elcomercio.es\/reflexiones-de-belarmino\/wp-json\/wp\/v2\/posts\/35458\/revisions\/35460"}],"wp:attachment":[{"href":"https:\/\/blogs.elcomercio.es\/reflexiones-de-belarmino\/wp-json\/wp\/v2\/media?parent=35458"}],"wp:term":[{"taxonomy":"category","embeddable":true,"href":"https:\/\/blogs.elcomercio.es\/reflexiones-de-belarmino\/wp-json\/wp\/v2\/categories?post=35458"},{"taxonomy":"post_tag","embeddable":true,"href":"https:\/\/blogs.elcomercio.es\/reflexiones-de-belarmino\/wp-json\/wp\/v2\/tags?post=35458"}],"curies":[{"name":"wp","href":"https:\/\/api.w.org\/{rel}","templated":true}]}}