{"id":35471,"date":"2024-03-28T11:33:45","date_gmt":"2024-03-28T10:33:45","guid":{"rendered":"https:\/\/blogs.elcomercio.es\/reflexiones-de-belarmino\/?p=35471"},"modified":"2024-03-28T11:33:45","modified_gmt":"2024-03-28T10:33:45","slug":"la-justicia-de-los-ricos-dani-alves-en-su-chalet-de-5-millones-de-dolares-relajado-por-su-esposa-en-la-piscina-y-trago-en-la-mano-espera-decision-del-juez-verguenza-en-es","status":"publish","type":"post","link":"https:\/\/blogs.elcomercio.es\/reflexiones-de-belarmino\/2024\/03\/28\/la-justicia-de-los-ricos-dani-alves-en-su-chalet-de-5-millones-de-dolares-relajado-por-su-esposa-en-la-piscina-y-trago-en-la-mano-espera-decision-del-juez-verguenza-en-es\/","title":{"rendered":"\u00a1\u00a1\u00a1\u00a1LA JUSTICIA DE LOS RICOS. DANI ALVES, EN SU CHALET DE 5 MILLONES DE DOLARES, RELAJADO POR SU ESPOSA, EN LA PISCINA Y TRAGO EN LA MANO, ESPERA DECISI\u00d3N DEL JUEZ. VERG\u00dcENZA EN ESPA\u00d1A !!!"},"content":{"rendered":"<p><b>\u00bf Ten\u00eda raz\u00f3n o no el Presidente Lula?. La justicia de los ricos. En sus chalet de 5 millones de d\u00f3lares en Barcelona el se\u00f1or Alves, relajado tras la noche con su mujer,\u00a0 en su piscina, con el trago en la mano, omn\u00edmodo, saborea la riqueza de los ricos, en casi todos los paises, pero no tantos en &#8220;nuestro entorno&#8221;. Duele\u00a0ver las imagenes\u00a0 con cara da mat\u00f3n\u00a0 y pensar en lo que estar\u00e1 pensando\u00a0en este momento la muchacha.<\/b><\/p>\n<p><b>Verg\u00fcenza\u00a0espa\u00f1ola.<\/b><\/p>\n<!-- AddThis Advanced Settings generic via filter on the_content --><!-- AddThis Share Buttons generic via filter on the_content -->","protected":false},"excerpt":{"rendered":"<p>\u00bf Ten\u00eda raz\u00f3n o no el Presidente Lula?. La justicia de los ricos. En sus chalet de 5 millones de d\u00f3lares en Barcelona el se\u00f1or Alves, relajado tras la noche con su mujer,\u00a0 en su piscina, con el trago en la mano, omn\u00edmodo, saborea la riqueza de los ricos, en casi todos los paises, pero [&hellip;]<!-- AddThis Advanced Settings generic via filter on get_the_excerpt --><!-- AddThis Share Buttons generic via filter on get_the_excerpt --><\/p>\n","protected":false},"author":16,"featured_media":0,"comment_status":"open","ping_status":"closed","sticky":false,"template":"","format":"standard","meta":[],"categories":[1],"tags":[],"_links":{"self":[{"href":"https:\/\/blogs.elcomercio.es\/reflexiones-de-belarmino\/wp-json\/wp\/v2\/posts\/35471"}],"collection":[{"href":"https:\/\/blogs.elcomercio.es\/reflexiones-de-belarmino\/wp-json\/wp\/v2\/posts"}],"about":[{"href":"https:\/\/blogs.elcomercio.es\/reflexiones-de-belarmino\/wp-json\/wp\/v2\/types\/post"}],"author":[{"embeddable":true,"href":"https:\/\/blogs.elcomercio.es\/reflexiones-de-belarmino\/wp-json\/wp\/v2\/users\/16"}],"replies":[{"embeddable":true,"href":"https:\/\/blogs.elcomercio.es\/reflexiones-de-belarmino\/wp-json\/wp\/v2\/comments?post=35471"}],"version-history":[{"count":4,"href":"https:\/\/blogs.elcomercio.es\/reflexiones-de-belarmino\/wp-json\/wp\/v2\/posts\/35471\/revisions"}],"predecessor-version":[{"id":35475,"href":"https:\/\/blogs.elcomercio.es\/reflexiones-de-belarmino\/wp-json\/wp\/v2\/posts\/35471\/revisions\/35475"}],"wp:attachment":[{"href":"https:\/\/blogs.elcomercio.es\/reflexiones-de-belarmino\/wp-json\/wp\/v2\/media?parent=35471"}],"wp:term":[{"taxonomy":"category","embeddable":true,"href":"https:\/\/blogs.elcomercio.es\/reflexiones-de-belarmino\/wp-json\/wp\/v2\/categories?post=35471"},{"taxonomy":"post_tag","embeddable":true,"href":"https:\/\/blogs.elcomercio.es\/reflexiones-de-belarmino\/wp-json\/wp\/v2\/tags?post=35471"}],"curies":[{"name":"wp","href":"https:\/\/api.w.org\/{rel}","templated":true}]}}