{"id":35481,"date":"2024-03-28T17:37:54","date_gmt":"2024-03-28T16:37:54","guid":{"rendered":"https:\/\/blogs.elcomercio.es\/reflexiones-de-belarmino\/?p=35481"},"modified":"2024-03-28T17:37:54","modified_gmt":"2024-03-28T16:37:54","slug":"el-rey-de-las-criptomonedas-sam-brakman-trie-condenado-a-25-anos-de-prision","status":"publish","type":"post","link":"https:\/\/blogs.elcomercio.es\/reflexiones-de-belarmino\/2024\/03\/28\/el-rey-de-las-criptomonedas-sam-brakman-trie-condenado-a-25-anos-de-prision\/","title":{"rendered":"\u00a1\u00a1\u00a1\u00a1EL REY DE LAS CRIPTOMONEDAS, SAM BRAKMAN TRIE, CONDENADO A 25 A\u00d1OS DE PRISI\u00d3N !!!"},"content":{"rendered":"<p><b>Hoy, en Nueva York, ha sido condenado a 25 a\u00f1os de c\u00e1rcel\u00a0por fraude el llamdo &#8220;rey de la Criptomonedas&#8221; Sam Brakman Trie<\/b><\/p>\n<!-- AddThis Advanced Settings generic via filter on the_content --><!-- AddThis Share Buttons generic via filter on the_content -->","protected":false},"excerpt":{"rendered":"<p>Hoy, en Nueva York, ha sido condenado a 25 a\u00f1os de c\u00e1rcel\u00a0por fraude el llamdo &#8220;rey de la Criptomonedas&#8221; Sam Brakman Trie<!-- AddThis Advanced Settings generic via filter on get_the_excerpt --><!-- AddThis Share Buttons generic via filter on get_the_excerpt --><\/p>\n","protected":false},"author":16,"featured_media":0,"comment_status":"open","ping_status":"closed","sticky":false,"template":"","format":"standard","meta":[],"categories":[1],"tags":[],"_links":{"self":[{"href":"https:\/\/blogs.elcomercio.es\/reflexiones-de-belarmino\/wp-json\/wp\/v2\/posts\/35481"}],"collection":[{"href":"https:\/\/blogs.elcomercio.es\/reflexiones-de-belarmino\/wp-json\/wp\/v2\/posts"}],"about":[{"href":"https:\/\/blogs.elcomercio.es\/reflexiones-de-belarmino\/wp-json\/wp\/v2\/types\/post"}],"author":[{"embeddable":true,"href":"https:\/\/blogs.elcomercio.es\/reflexiones-de-belarmino\/wp-json\/wp\/v2\/users\/16"}],"replies":[{"embeddable":true,"href":"https:\/\/blogs.elcomercio.es\/reflexiones-de-belarmino\/wp-json\/wp\/v2\/comments?post=35481"}],"version-history":[{"count":1,"href":"https:\/\/blogs.elcomercio.es\/reflexiones-de-belarmino\/wp-json\/wp\/v2\/posts\/35481\/revisions"}],"predecessor-version":[{"id":35482,"href":"https:\/\/blogs.elcomercio.es\/reflexiones-de-belarmino\/wp-json\/wp\/v2\/posts\/35481\/revisions\/35482"}],"wp:attachment":[{"href":"https:\/\/blogs.elcomercio.es\/reflexiones-de-belarmino\/wp-json\/wp\/v2\/media?parent=35481"}],"wp:term":[{"taxonomy":"category","embeddable":true,"href":"https:\/\/blogs.elcomercio.es\/reflexiones-de-belarmino\/wp-json\/wp\/v2\/categories?post=35481"},{"taxonomy":"post_tag","embeddable":true,"href":"https:\/\/blogs.elcomercio.es\/reflexiones-de-belarmino\/wp-json\/wp\/v2\/tags?post=35481"}],"curies":[{"name":"wp","href":"https:\/\/api.w.org\/{rel}","templated":true}]}}