{"id":35489,"date":"2024-03-28T19:14:10","date_gmt":"2024-03-28T18:14:10","guid":{"rendered":"https:\/\/blogs.elcomercio.es\/reflexiones-de-belarmino\/?p=35489"},"modified":"2024-03-28T19:14:10","modified_gmt":"2024-03-28T18:14:10","slug":"listas-las-170858-las-casillas-todo-listo-para-elecciones-en-paz-en-mexico-ine","status":"publish","type":"post","link":"https:\/\/blogs.elcomercio.es\/reflexiones-de-belarmino\/2024\/03\/28\/listas-las-170858-las-casillas-todo-listo-para-elecciones-en-paz-en-mexico-ine\/","title":{"rendered":"\u00a1\u00a1\u00a1\u00a1&#8221;LISTAS LAS 170,858 LAS CASILLAS. TODO LISTO PARA ELECCIONES EN PAZ EN MEXICO&#8221; INE !!!"},"content":{"rendered":"<p><b>El presidente ante la acusaci\u00f3n de una posible intervenci\u00f3n en el las elecciones, provoc\u00f3 que, de inmediato la Consejera Presidente del Instituto\u00a0Nacional Electoral, respondiera\u00a0hoy que todo\u00a0est\u00e1 listo para que en las 170,858 casillas e lo largo del pa\u00eds, se desarrollen en paz y con tranquilidad\u00a0las\u00a0elecciones presidenciales del 2 de junio.<\/b><\/p>\n<p><strong>ENCUESTAS AL DIA DE HOY.<\/strong><\/p>\n<p><strong>CLAUDIA SCHEINABUM(MORENA)\u00a0 \u00a0 \u00a0 \u00a0 \u00a0 \u00a0 \u00a0 \u00a0 \u00a0 \u00a0 \u00a0 \u00a0 \u00a0 \u00a064.8 %<\/strong><\/p>\n<p><strong>XOCHITL GALVEZ (PRI-PAN-PRD)\u00a0 \u00a0 \u00a0 \u00a0 \u00a0 \u00a0 \u00a0 \u00a0 \u00a0 \u00a0 \u00a0 \u00a0 \u00a0 \u00a0 \u00a0 23.7 %<\/strong><\/p>\n<p><strong>JORGE ALVAREZ(Movimiento Ciudadano)\u00a0 \u00a0 \u00a0 \u00a0 \u00a0 \u00a0 \u00a0 \u00a06.3<\/strong><\/p>\n<!-- AddThis Advanced Settings generic via filter on the_content --><!-- AddThis Share Buttons generic via filter on the_content -->","protected":false},"excerpt":{"rendered":"<p>El presidente ante la acusaci\u00f3n de una posible intervenci\u00f3n en el las elecciones, provoc\u00f3 que, de inmediato la Consejera Presidente del Instituto\u00a0Nacional Electoral, respondiera\u00a0hoy que todo\u00a0est\u00e1 listo para que en las 170,858 casillas e lo largo del pa\u00eds, se desarrollen en paz y con tranquilidad\u00a0las\u00a0elecciones presidenciales del 2 de junio. ENCUESTAS AL DIA DE HOY. [&hellip;]<!-- AddThis Advanced Settings generic via filter on get_the_excerpt --><!-- AddThis Share Buttons generic via filter on get_the_excerpt --><\/p>\n","protected":false},"author":16,"featured_media":0,"comment_status":"open","ping_status":"closed","sticky":false,"template":"","format":"standard","meta":[],"categories":[1],"tags":[],"_links":{"self":[{"href":"https:\/\/blogs.elcomercio.es\/reflexiones-de-belarmino\/wp-json\/wp\/v2\/posts\/35489"}],"collection":[{"href":"https:\/\/blogs.elcomercio.es\/reflexiones-de-belarmino\/wp-json\/wp\/v2\/posts"}],"about":[{"href":"https:\/\/blogs.elcomercio.es\/reflexiones-de-belarmino\/wp-json\/wp\/v2\/types\/post"}],"author":[{"embeddable":true,"href":"https:\/\/blogs.elcomercio.es\/reflexiones-de-belarmino\/wp-json\/wp\/v2\/users\/16"}],"replies":[{"embeddable":true,"href":"https:\/\/blogs.elcomercio.es\/reflexiones-de-belarmino\/wp-json\/wp\/v2\/comments?post=35489"}],"version-history":[{"count":2,"href":"https:\/\/blogs.elcomercio.es\/reflexiones-de-belarmino\/wp-json\/wp\/v2\/posts\/35489\/revisions"}],"predecessor-version":[{"id":35491,"href":"https:\/\/blogs.elcomercio.es\/reflexiones-de-belarmino\/wp-json\/wp\/v2\/posts\/35489\/revisions\/35491"}],"wp:attachment":[{"href":"https:\/\/blogs.elcomercio.es\/reflexiones-de-belarmino\/wp-json\/wp\/v2\/media?parent=35489"}],"wp:term":[{"taxonomy":"category","embeddable":true,"href":"https:\/\/blogs.elcomercio.es\/reflexiones-de-belarmino\/wp-json\/wp\/v2\/categories?post=35489"},{"taxonomy":"post_tag","embeddable":true,"href":"https:\/\/blogs.elcomercio.es\/reflexiones-de-belarmino\/wp-json\/wp\/v2\/tags?post=35489"}],"curies":[{"name":"wp","href":"https:\/\/api.w.org\/{rel}","templated":true}]}}