{"id":35498,"date":"2024-03-29T17:44:10","date_gmt":"2024-03-29T16:44:10","guid":{"rendered":"https:\/\/blogs.elcomercio.es\/reflexiones-de-belarmino\/?p=35498"},"modified":"2024-03-29T17:44:37","modified_gmt":"2024-03-29T16:44:37","slug":"la-monarquia-proyecta-una-imagen-inmejorable-pero-el-reino-unido-es-un-pais-arruinado","status":"publish","type":"post","link":"https:\/\/blogs.elcomercio.es\/reflexiones-de-belarmino\/2024\/03\/29\/la-monarquia-proyecta-una-imagen-inmejorable-pero-el-reino-unido-es-un-pais-arruinado\/","title":{"rendered":"\u00a1\u00a1\u00a1\u00a1 LA MONARQUIA PROYECTA UNA IMAGEN INMEJORABLE PERO EL REINO UNIDO ES UN PA\u00cdS ARRUINADO !!"},"content":{"rendered":"<p><b>Albert Owens, prestigiado investigador\u00a0de\u00a0la Cara Real Brit\u00e1nica, sintetiza, lo que pronosticamos que se avendr\u00edan\u00a0en unos a\u00f1os:\u00a0<\/b><\/p>\n<p><b>\u00a0&#8221; LA MONARQU\u00cdA\u00a0PROYECTA UNA IMAGEN INMEJORABLE\u00a0PERO EL REINO UNIDO EST\u00c1 EN RUINAS&#8221;.<\/b><\/p>\n<p><b>No se trata de los problemas de salud de dos de sus miembros, sino que, como se ve\u00eda venir a la muerte de Isabel II, el Imperio\u00a0entrar\u00eda en decadencia.No s\u00f3lo en la figura de la Casa Real; no s\u00f3lo por que antes de 2 a\u00f1os, Canad\u00e1, Australia, Jamaica y Escocia., entre otros,\u00a0<\/b><strong>\u00a0 se independizar\u00e1n de la Mancomunidad de Naciones, sino por que el pa\u00eds est\u00e1 en recesi\u00f3n.<\/strong><\/p>\n<p><b>De aquel Imperio que dej\u00f3 la reina Victoria hace 120 a\u00f1os, con 1\/3 de la superficie\u00a0de la atierra y 2\/5 de la riqueza mundial, hoy, Estados Unidos, tiene 8 veces m\u00e1s PIB que ellos; China\u00a0 6; India 2 y el Reino Unido est\u00e1 al nivel de Francia.<\/b><\/p>\n<p><b>Con\u00a0 un primer Ministro de la antigua Joya de la Corona que era la India, Sunak ha sido incapaz de sacar al pa\u00eds adelante, y pera el investigador, las posibilidades\u00a0de que perdura la Casa Real Brit\u00e1nica es de un 50 %\u00a0 a un 50 %..<\/b><\/p>\n<p><b>Estados Unidos sufre triple golpe: el no poder derrotar a Rusia; la debilidad de su operador en Europa, y el retroceso que supone\u00a0 el debilitamiento\u00a0de Israel<\/b><\/p>\n<p>&nbsp;<\/p>\n<!-- AddThis Advanced Settings generic via filter on the_content --><!-- AddThis Share Buttons generic via filter on the_content -->","protected":false},"excerpt":{"rendered":"<p>Albert Owens, prestigiado investigador\u00a0de\u00a0la Cara Real Brit\u00e1nica, sintetiza, lo que pronosticamos que se avendr\u00edan\u00a0en unos a\u00f1os:\u00a0 \u00a0&#8221; LA MONARQU\u00cdA\u00a0PROYECTA UNA IMAGEN INMEJORABLE\u00a0PERO EL REINO UNIDO EST\u00c1 EN RUINAS&#8221;. No se trata de los problemas de salud de dos de sus miembros, sino que, como se ve\u00eda venir a la muerte de Isabel II, el Imperio\u00a0entrar\u00eda [&hellip;]<!-- AddThis Advanced Settings generic via filter on get_the_excerpt --><!-- AddThis Share Buttons generic via filter on get_the_excerpt --><\/p>\n","protected":false},"author":16,"featured_media":0,"comment_status":"open","ping_status":"closed","sticky":false,"template":"","format":"standard","meta":[],"categories":[1],"tags":[],"_links":{"self":[{"href":"https:\/\/blogs.elcomercio.es\/reflexiones-de-belarmino\/wp-json\/wp\/v2\/posts\/35498"}],"collection":[{"href":"https:\/\/blogs.elcomercio.es\/reflexiones-de-belarmino\/wp-json\/wp\/v2\/posts"}],"about":[{"href":"https:\/\/blogs.elcomercio.es\/reflexiones-de-belarmino\/wp-json\/wp\/v2\/types\/post"}],"author":[{"embeddable":true,"href":"https:\/\/blogs.elcomercio.es\/reflexiones-de-belarmino\/wp-json\/wp\/v2\/users\/16"}],"replies":[{"embeddable":true,"href":"https:\/\/blogs.elcomercio.es\/reflexiones-de-belarmino\/wp-json\/wp\/v2\/comments?post=35498"}],"version-history":[{"count":3,"href":"https:\/\/blogs.elcomercio.es\/reflexiones-de-belarmino\/wp-json\/wp\/v2\/posts\/35498\/revisions"}],"predecessor-version":[{"id":35501,"href":"https:\/\/blogs.elcomercio.es\/reflexiones-de-belarmino\/wp-json\/wp\/v2\/posts\/35498\/revisions\/35501"}],"wp:attachment":[{"href":"https:\/\/blogs.elcomercio.es\/reflexiones-de-belarmino\/wp-json\/wp\/v2\/media?parent=35498"}],"wp:term":[{"taxonomy":"category","embeddable":true,"href":"https:\/\/blogs.elcomercio.es\/reflexiones-de-belarmino\/wp-json\/wp\/v2\/categories?post=35498"},{"taxonomy":"post_tag","embeddable":true,"href":"https:\/\/blogs.elcomercio.es\/reflexiones-de-belarmino\/wp-json\/wp\/v2\/tags?post=35498"}],"curies":[{"name":"wp","href":"https:\/\/api.w.org\/{rel}","templated":true}]}}