{"id":35511,"date":"2024-03-30T09:51:00","date_gmt":"2024-03-30T08:51:00","guid":{"rendered":"https:\/\/blogs.elcomercio.es\/reflexiones-de-belarmino\/?p=35511"},"modified":"2024-03-30T09:51:46","modified_gmt":"2024-03-30T08:51:46","slug":"un-millon-de-asistentes-al-via-crucis-en-ixtapalapa-tradicion-de-181-anos","status":"publish","type":"post","link":"https:\/\/blogs.elcomercio.es\/reflexiones-de-belarmino\/2024\/03\/30\/un-millon-de-asistentes-al-via-crucis-en-ixtapalapa-tradicion-de-181-anos\/","title":{"rendered":"\u00a1\u00a1\u00a1\u00a1\u00a1\u00a1UN MILL\u00d3N DE ASISTENTES &#8220;AL VIA CRUCIS&#8221;  EN IXTAPALAPA, TRADICI\u00d3N DE 181 A\u00d1OS !!!"},"content":{"rendered":"<p><strong>Ixtapalapa,\u00a0 una ciudad a un costado de la ciudad de M\u00e9xico, celebr\u00f3 ayer, por 181 vez, el &#8220;V\u00eda Cruces&#8221; del viernes santo. Asistieron 1,000,000 de personas.<\/strong><\/p>\n<!-- AddThis Advanced Settings generic via filter on the_content --><!-- AddThis Share Buttons generic via filter on the_content -->","protected":false},"excerpt":{"rendered":"<p>Ixtapalapa,\u00a0 una ciudad a un costado de la ciudad de M\u00e9xico, celebr\u00f3 ayer, por 181 vez, el &#8220;V\u00eda Cruces&#8221; del viernes santo. Asistieron 1,000,000 de personas.<!-- AddThis Advanced Settings generic via filter on get_the_excerpt --><!-- AddThis Share Buttons generic via filter on get_the_excerpt --><\/p>\n","protected":false},"author":16,"featured_media":0,"comment_status":"open","ping_status":"closed","sticky":false,"template":"","format":"standard","meta":[],"categories":[1],"tags":[],"_links":{"self":[{"href":"https:\/\/blogs.elcomercio.es\/reflexiones-de-belarmino\/wp-json\/wp\/v2\/posts\/35511"}],"collection":[{"href":"https:\/\/blogs.elcomercio.es\/reflexiones-de-belarmino\/wp-json\/wp\/v2\/posts"}],"about":[{"href":"https:\/\/blogs.elcomercio.es\/reflexiones-de-belarmino\/wp-json\/wp\/v2\/types\/post"}],"author":[{"embeddable":true,"href":"https:\/\/blogs.elcomercio.es\/reflexiones-de-belarmino\/wp-json\/wp\/v2\/users\/16"}],"replies":[{"embeddable":true,"href":"https:\/\/blogs.elcomercio.es\/reflexiones-de-belarmino\/wp-json\/wp\/v2\/comments?post=35511"}],"version-history":[{"count":2,"href":"https:\/\/blogs.elcomercio.es\/reflexiones-de-belarmino\/wp-json\/wp\/v2\/posts\/35511\/revisions"}],"predecessor-version":[{"id":35513,"href":"https:\/\/blogs.elcomercio.es\/reflexiones-de-belarmino\/wp-json\/wp\/v2\/posts\/35511\/revisions\/35513"}],"wp:attachment":[{"href":"https:\/\/blogs.elcomercio.es\/reflexiones-de-belarmino\/wp-json\/wp\/v2\/media?parent=35511"}],"wp:term":[{"taxonomy":"category","embeddable":true,"href":"https:\/\/blogs.elcomercio.es\/reflexiones-de-belarmino\/wp-json\/wp\/v2\/categories?post=35511"},{"taxonomy":"post_tag","embeddable":true,"href":"https:\/\/blogs.elcomercio.es\/reflexiones-de-belarmino\/wp-json\/wp\/v2\/tags?post=35511"}],"curies":[{"name":"wp","href":"https:\/\/api.w.org\/{rel}","templated":true}]}}