{"id":35514,"date":"2024-03-30T10:02:21","date_gmt":"2024-03-30T09:02:21","guid":{"rendered":"https:\/\/blogs.elcomercio.es\/reflexiones-de-belarmino\/?p=35514"},"modified":"2024-03-30T10:02:21","modified_gmt":"2024-03-30T09:02:21","slug":"menorca-se-convierte-en-la-tercera-base-naval-de-la-otan-en-espana-tras-rota-y-cartagena","status":"publish","type":"post","link":"https:\/\/blogs.elcomercio.es\/reflexiones-de-belarmino\/2024\/03\/30\/menorca-se-convierte-en-la-tercera-base-naval-de-la-otan-en-espana-tras-rota-y-cartagena\/","title":{"rendered":"\u00a1\u00a1\u00a1\u00a1MENORCA SE CONVIERTE EN LA TERCERA BASE NAVAL DE LA OTAN EN ESPA\u00d1A, TRAS ROTA Y CARTAGENA !!!"},"content":{"rendered":"<p><strong>Se implica m\u00e1s Espa\u00f1a en la OTAN. Ayer, Menorca se convirti\u00f3 en la tercera base naval de la OTAN en Espa\u00f1a, tras rota y Cartagena.<\/strong><\/p>\n<!-- AddThis Advanced Settings generic via filter on the_content --><!-- AddThis Share Buttons generic via filter on the_content -->","protected":false},"excerpt":{"rendered":"<p>Se implica m\u00e1s Espa\u00f1a en la OTAN. Ayer, Menorca se convirti\u00f3 en la tercera base naval de la OTAN en Espa\u00f1a, tras rota y Cartagena.<!-- AddThis Advanced Settings generic via filter on get_the_excerpt --><!-- AddThis Share Buttons generic via filter on get_the_excerpt --><\/p>\n","protected":false},"author":16,"featured_media":0,"comment_status":"open","ping_status":"closed","sticky":false,"template":"","format":"standard","meta":[],"categories":[1],"tags":[],"_links":{"self":[{"href":"https:\/\/blogs.elcomercio.es\/reflexiones-de-belarmino\/wp-json\/wp\/v2\/posts\/35514"}],"collection":[{"href":"https:\/\/blogs.elcomercio.es\/reflexiones-de-belarmino\/wp-json\/wp\/v2\/posts"}],"about":[{"href":"https:\/\/blogs.elcomercio.es\/reflexiones-de-belarmino\/wp-json\/wp\/v2\/types\/post"}],"author":[{"embeddable":true,"href":"https:\/\/blogs.elcomercio.es\/reflexiones-de-belarmino\/wp-json\/wp\/v2\/users\/16"}],"replies":[{"embeddable":true,"href":"https:\/\/blogs.elcomercio.es\/reflexiones-de-belarmino\/wp-json\/wp\/v2\/comments?post=35514"}],"version-history":[{"count":1,"href":"https:\/\/blogs.elcomercio.es\/reflexiones-de-belarmino\/wp-json\/wp\/v2\/posts\/35514\/revisions"}],"predecessor-version":[{"id":35515,"href":"https:\/\/blogs.elcomercio.es\/reflexiones-de-belarmino\/wp-json\/wp\/v2\/posts\/35514\/revisions\/35515"}],"wp:attachment":[{"href":"https:\/\/blogs.elcomercio.es\/reflexiones-de-belarmino\/wp-json\/wp\/v2\/media?parent=35514"}],"wp:term":[{"taxonomy":"category","embeddable":true,"href":"https:\/\/blogs.elcomercio.es\/reflexiones-de-belarmino\/wp-json\/wp\/v2\/categories?post=35514"},{"taxonomy":"post_tag","embeddable":true,"href":"https:\/\/blogs.elcomercio.es\/reflexiones-de-belarmino\/wp-json\/wp\/v2\/tags?post=35514"}],"curies":[{"name":"wp","href":"https:\/\/api.w.org\/{rel}","templated":true}]}}