{"id":35516,"date":"2024-03-30T10:17:14","date_gmt":"2024-03-30T09:17:14","guid":{"rendered":"https:\/\/blogs.elcomercio.es\/reflexiones-de-belarmino\/?p=35516"},"modified":"2024-03-30T10:17:14","modified_gmt":"2024-03-30T09:17:14","slug":"millei-millei-petro-asesino-terrorista-amlo-ignorante-israel-no-ha-cometido-ninguno-exceso-y-el-dengue","status":"publish","type":"post","link":"https:\/\/blogs.elcomercio.es\/reflexiones-de-belarmino\/2024\/03\/30\/millei-millei-petro-asesino-terrorista-amlo-ignorante-israel-no-ha-cometido-ninguno-exceso-y-el-dengue\/","title":{"rendered":"\u00a1\u00a1\u00a1MILLEI, MILLEI.- &#8221; PETRO, ASESINO TERRORISTA; AMLO, IGNORANTE, ISRAEL NO HA COMETIDO NINGUNO EXCESO,&#8230;Y EL DENGUE !!!"},"content":{"rendered":"<p><strong>Mientras Brasil y M\u00e9xico surgen potentes, el tercer pais de Am\u00e9rica Latina, Argentina, vive su particular Via Crucis. Camino al enfrentamiento con su pueblo, Don Javier MIle,\u00bfquien, si no ?, esta semana, se lanz\u00f3 ante la CNN, contra el presidente de Colombia Gustavo Petro, llamando &#8220;asesino terrorista&#8221; que expuls\u00f3 al embajador; con el M\u00e9xico al que llamo&#8221; ignorante&#8221; pero que \u00e9ste no lo dio importancia, y para colmo Argentina tiene una epidemia de dengue que se extiende por todo el pa\u00eds.<\/strong><\/p>\n<p><b>Por supuesto, &#8221; Israel no ha cometido ning\u00fan exceso&#8221; termin\u00f3\u00a0en la entrevista.<\/b><\/p>\n<!-- AddThis Advanced Settings generic via filter on the_content --><!-- AddThis Share Buttons generic via filter on the_content -->","protected":false},"excerpt":{"rendered":"<p>Mientras Brasil y M\u00e9xico surgen potentes, el tercer pais de Am\u00e9rica Latina, Argentina, vive su particular Via Crucis. Camino al enfrentamiento con su pueblo, Don Javier MIle,\u00bfquien, si no ?, esta semana, se lanz\u00f3 ante la CNN, contra el presidente de Colombia Gustavo Petro, llamando &#8220;asesino terrorista&#8221; que expuls\u00f3 al embajador; con el M\u00e9xico al [&hellip;]<!-- AddThis Advanced Settings generic via filter on get_the_excerpt --><!-- AddThis Share Buttons generic via filter on get_the_excerpt --><\/p>\n","protected":false},"author":16,"featured_media":0,"comment_status":"open","ping_status":"closed","sticky":false,"template":"","format":"standard","meta":[],"categories":[1],"tags":[],"_links":{"self":[{"href":"https:\/\/blogs.elcomercio.es\/reflexiones-de-belarmino\/wp-json\/wp\/v2\/posts\/35516"}],"collection":[{"href":"https:\/\/blogs.elcomercio.es\/reflexiones-de-belarmino\/wp-json\/wp\/v2\/posts"}],"about":[{"href":"https:\/\/blogs.elcomercio.es\/reflexiones-de-belarmino\/wp-json\/wp\/v2\/types\/post"}],"author":[{"embeddable":true,"href":"https:\/\/blogs.elcomercio.es\/reflexiones-de-belarmino\/wp-json\/wp\/v2\/users\/16"}],"replies":[{"embeddable":true,"href":"https:\/\/blogs.elcomercio.es\/reflexiones-de-belarmino\/wp-json\/wp\/v2\/comments?post=35516"}],"version-history":[{"count":1,"href":"https:\/\/blogs.elcomercio.es\/reflexiones-de-belarmino\/wp-json\/wp\/v2\/posts\/35516\/revisions"}],"predecessor-version":[{"id":35517,"href":"https:\/\/blogs.elcomercio.es\/reflexiones-de-belarmino\/wp-json\/wp\/v2\/posts\/35516\/revisions\/35517"}],"wp:attachment":[{"href":"https:\/\/blogs.elcomercio.es\/reflexiones-de-belarmino\/wp-json\/wp\/v2\/media?parent=35516"}],"wp:term":[{"taxonomy":"category","embeddable":true,"href":"https:\/\/blogs.elcomercio.es\/reflexiones-de-belarmino\/wp-json\/wp\/v2\/categories?post=35516"},{"taxonomy":"post_tag","embeddable":true,"href":"https:\/\/blogs.elcomercio.es\/reflexiones-de-belarmino\/wp-json\/wp\/v2\/tags?post=35516"}],"curies":[{"name":"wp","href":"https:\/\/api.w.org\/{rel}","templated":true}]}}