{"id":35524,"date":"2024-03-30T13:18:42","date_gmt":"2024-03-30T12:18:42","guid":{"rendered":"https:\/\/blogs.elcomercio.es\/reflexiones-de-belarmino\/?p=35524"},"modified":"2024-03-30T13:18:42","modified_gmt":"2024-03-30T12:18:42","slug":"la-paralisis-de-alemania-amenaza-a-la-economia-de-la-union-europea-puede-llevarse-a-francia-ay-a-italia-espana-lo-esquiva","status":"publish","type":"post","link":"https:\/\/blogs.elcomercio.es\/reflexiones-de-belarmino\/2024\/03\/30\/la-paralisis-de-alemania-amenaza-a-la-economia-de-la-union-europea-puede-llevarse-a-francia-ay-a-italia-espana-lo-esquiva\/","title":{"rendered":"\u00a1\u00a1\u00a1\u00a1 LA PAR\u00c1LISIS DE ALEMANIA AMENAZA A LA ECONOM\u00cdA DE LA UNI\u00d3N EUROPEA PUEDE LLEVARSE A FRANCIA AY A ITALIA. ESPA\u00d1A LO ESQUIVA !!"},"content":{"rendered":"<p><b>El estancamiento, en plano, de Alemania amenaza la econom\u00eda de la Uni\u00f3n\u00a0Europea, sobre todo a Fancia y a Italia, mientras Espa\u00f1a la esquiva<\/b><\/p>\n<!-- AddThis Advanced Settings generic via filter on the_content --><!-- AddThis Share Buttons generic via filter on the_content -->","protected":false},"excerpt":{"rendered":"<p>El estancamiento, en plano, de Alemania amenaza la econom\u00eda de la Uni\u00f3n\u00a0Europea, sobre todo a Fancia y a Italia, mientras Espa\u00f1a la esquiva<!-- AddThis Advanced Settings generic via filter on get_the_excerpt --><!-- AddThis Share Buttons generic via filter on get_the_excerpt --><\/p>\n","protected":false},"author":16,"featured_media":0,"comment_status":"open","ping_status":"closed","sticky":false,"template":"","format":"standard","meta":[],"categories":[1],"tags":[],"_links":{"self":[{"href":"https:\/\/blogs.elcomercio.es\/reflexiones-de-belarmino\/wp-json\/wp\/v2\/posts\/35524"}],"collection":[{"href":"https:\/\/blogs.elcomercio.es\/reflexiones-de-belarmino\/wp-json\/wp\/v2\/posts"}],"about":[{"href":"https:\/\/blogs.elcomercio.es\/reflexiones-de-belarmino\/wp-json\/wp\/v2\/types\/post"}],"author":[{"embeddable":true,"href":"https:\/\/blogs.elcomercio.es\/reflexiones-de-belarmino\/wp-json\/wp\/v2\/users\/16"}],"replies":[{"embeddable":true,"href":"https:\/\/blogs.elcomercio.es\/reflexiones-de-belarmino\/wp-json\/wp\/v2\/comments?post=35524"}],"version-history":[{"count":3,"href":"https:\/\/blogs.elcomercio.es\/reflexiones-de-belarmino\/wp-json\/wp\/v2\/posts\/35524\/revisions"}],"predecessor-version":[{"id":35527,"href":"https:\/\/blogs.elcomercio.es\/reflexiones-de-belarmino\/wp-json\/wp\/v2\/posts\/35524\/revisions\/35527"}],"wp:attachment":[{"href":"https:\/\/blogs.elcomercio.es\/reflexiones-de-belarmino\/wp-json\/wp\/v2\/media?parent=35524"}],"wp:term":[{"taxonomy":"category","embeddable":true,"href":"https:\/\/blogs.elcomercio.es\/reflexiones-de-belarmino\/wp-json\/wp\/v2\/categories?post=35524"},{"taxonomy":"post_tag","embeddable":true,"href":"https:\/\/blogs.elcomercio.es\/reflexiones-de-belarmino\/wp-json\/wp\/v2\/tags?post=35524"}],"curies":[{"name":"wp","href":"https:\/\/api.w.org\/{rel}","templated":true}]}}