{"id":35644,"date":"2024-04-05T17:52:20","date_gmt":"2024-04-05T15:52:20","guid":{"rendered":"https:\/\/blogs.elcomercio.es\/reflexiones-de-belarmino\/?p=35644"},"modified":"2024-04-05T17:52:20","modified_gmt":"2024-04-05T15:52:20","slug":"impresionante-y-veloz-avance-rusocon-cientos-de-km-a-la-clave-ciudad-de-kramatorsk-ultima-ciudad-en-el-donbas-en-manos-de-ucranias","status":"publish","type":"post","link":"https:\/\/blogs.elcomercio.es\/reflexiones-de-belarmino\/2024\/04\/05\/impresionante-y-veloz-avance-rusocon-cientos-de-km-a-la-clave-ciudad-de-kramatorsk-ultima-ciudad-en-el-donbas-en-manos-de-ucranias\/","title":{"rendered":"\u00a1\u00a1\u00a1\u00a1IMPRESIONANTE Y VELOZ AVANCE RUSO,CON CIENTOS  DE KM A LA CLAVE  CIUDAD DE KRAMATORSK ULTIMA CIUDAD EN EL DONBAS EN MANOS DE UCRANIAS !!!"},"content":{"rendered":"<p><b>Hoy, sorprendentemente, el ejercito ruso penetr\u00f3 cientos de kil\u00f3metros\u00a0 y est\u00e1 a punto de tomar la colina de Chasiv Yar, clave para tomar Kramatorsk, \u00faltima ciudad del Donbas en manos de Ucrania. Ser\u00eda consolidar el Donbas. Los propios periodistas que apoyan a Ucrania,mostraban las imagenes\u00a0 de la penetraci\u00f3n de cientos de veh\u00edculos\u00a0penetrando a toda velocidad por casi 300 kms. Sin resistencia, se ve\u00eda el cansancio del mill\u00f3n de efectivos, sin recambio del ejercito de Ucrania.<\/b><\/p>\n<p><strong>Hoy Blinken asegura que Ucrania estar\u00e1 en la OTAN.<\/strong><\/p>\n<p><strong>Este modesto analista, entiende que Rusia se quedar\u00e1 con la frontera y\u00a0 Crimea. El resto, el 80 % seguir\u00e1 siendo\u00a0 Ucrania y, entonces si, debe entrar en la OTAN para frenar cualquier intento de PUTIN.<\/strong><\/p>\n<p><strong>Esta operaci\u00f3n pensamos est\u00e1 terminada. En cuanto consoliden el Donbas, recordar que 3.2 millones de esa zona ya tienen pasaporte ruso. Vendr\u00e1 luego la reconstrucci\u00f3n de Ucrania, disput\u00e1ndosela EE:UU y Europa, pero que de calle se la va a llevar el imperio, uno, mientras los 27 seguiremos discutiendo la fecha para leer las bases para la reconstrucci\u00f3n.<\/strong><\/p>\n<!-- AddThis Advanced Settings generic via filter on the_content --><!-- AddThis Share Buttons generic via filter on the_content -->","protected":false},"excerpt":{"rendered":"<p>Hoy, sorprendentemente, el ejercito ruso penetr\u00f3 cientos de kil\u00f3metros\u00a0 y est\u00e1 a punto de tomar la colina de Chasiv Yar, clave para tomar Kramatorsk, \u00faltima ciudad del Donbas en manos de Ucrania. Ser\u00eda consolidar el Donbas. Los propios periodistas que apoyan a Ucrania,mostraban las imagenes\u00a0 de la penetraci\u00f3n de cientos de veh\u00edculos\u00a0penetrando a toda velocidad [&hellip;]<!-- AddThis Advanced Settings generic via filter on get_the_excerpt --><!-- AddThis Share Buttons generic via filter on get_the_excerpt --><\/p>\n","protected":false},"author":16,"featured_media":0,"comment_status":"open","ping_status":"closed","sticky":false,"template":"","format":"standard","meta":[],"categories":[1],"tags":[],"_links":{"self":[{"href":"https:\/\/blogs.elcomercio.es\/reflexiones-de-belarmino\/wp-json\/wp\/v2\/posts\/35644"}],"collection":[{"href":"https:\/\/blogs.elcomercio.es\/reflexiones-de-belarmino\/wp-json\/wp\/v2\/posts"}],"about":[{"href":"https:\/\/blogs.elcomercio.es\/reflexiones-de-belarmino\/wp-json\/wp\/v2\/types\/post"}],"author":[{"embeddable":true,"href":"https:\/\/blogs.elcomercio.es\/reflexiones-de-belarmino\/wp-json\/wp\/v2\/users\/16"}],"replies":[{"embeddable":true,"href":"https:\/\/blogs.elcomercio.es\/reflexiones-de-belarmino\/wp-json\/wp\/v2\/comments?post=35644"}],"version-history":[{"count":3,"href":"https:\/\/blogs.elcomercio.es\/reflexiones-de-belarmino\/wp-json\/wp\/v2\/posts\/35644\/revisions"}],"predecessor-version":[{"id":35647,"href":"https:\/\/blogs.elcomercio.es\/reflexiones-de-belarmino\/wp-json\/wp\/v2\/posts\/35644\/revisions\/35647"}],"wp:attachment":[{"href":"https:\/\/blogs.elcomercio.es\/reflexiones-de-belarmino\/wp-json\/wp\/v2\/media?parent=35644"}],"wp:term":[{"taxonomy":"category","embeddable":true,"href":"https:\/\/blogs.elcomercio.es\/reflexiones-de-belarmino\/wp-json\/wp\/v2\/categories?post=35644"},{"taxonomy":"post_tag","embeddable":true,"href":"https:\/\/blogs.elcomercio.es\/reflexiones-de-belarmino\/wp-json\/wp\/v2\/tags?post=35644"}],"curies":[{"name":"wp","href":"https:\/\/api.w.org\/{rel}","templated":true}]}}