{"id":35711,"date":"2024-04-08T15:26:50","date_gmt":"2024-04-08T13:26:50","guid":{"rendered":"https:\/\/blogs.elcomercio.es\/reflexiones-de-belarmino\/?p=35711"},"modified":"2024-04-08T15:26:50","modified_gmt":"2024-04-08T13:26:50","slug":"en-la-mananera-de-hoy-con-el-presidente-en-mazatlan-sinaloa-expertos-explicaran-a-todo-el-pueblo-mexicano-el-eclipse-total-de-hoy-la-ciudad-a-reventar","status":"publish","type":"post","link":"https:\/\/blogs.elcomercio.es\/reflexiones-de-belarmino\/2024\/04\/08\/en-la-mananera-de-hoy-con-el-presidente-en-mazatlan-sinaloa-expertos-explicaran-a-todo-el-pueblo-mexicano-el-eclipse-total-de-hoy-la-ciudad-a-reventar\/","title":{"rendered":"\u00a1\u00a1\u00a1\u00a1\u00a1 EN LA MA\u00d1ANERA DE  HOY, CON EL PRESIDENTE EN MAZATLAN, SINALOA, EXPERTOS EXPLICAR\u00c1N A TODO EL PUEBLO MEXICANO EL ECLIPSE TOTAL DE HOY. LA CIUDAD A REVENTAR !!!"},"content":{"rendered":"<p><b>Hoy hay otro\u00a0 acercamiento del pueblo mexicanos con el presidente. La ciudad de Mazatl\u00e1n, en Sinaloa, a la altura de los Cabos, pero\u00a0 en la masa del territorio, esta repleta de visitantes para gozar el Eclipse Total de Sol de hoy. L\u00f3pez Obrador, trasmitir\u00e1 La Ma\u00f1anera, pero ese tiempo ser\u00e1 para que los cient\u00edficos\u00a0vayan explicando a todo el pa\u00eds, paso a paso, por que se produce el fen\u00f3meno y la historia de ellos.<\/b><\/p>\n<p><b>Al ataque del gobierno de Ecuador, hay que agregar este eclipse total de sol, que vuelve a unir a un pueblo y en donde el lider explica, hoy no de politica, sino los cient\u00edficos\u00a0hablar\u00e1n. Aqu\u00ed en Gij\u00f3n, este autor estar\u00e1 atento a las pr\u00f3ximas horas para ver minuto a minuto este fen\u00f3meno, visto a 10,000 kms de distancia.<\/b><\/p>\n<!-- AddThis Advanced Settings generic via filter on the_content --><!-- AddThis Share Buttons generic via filter on the_content -->","protected":false},"excerpt":{"rendered":"<p>Hoy hay otro\u00a0 acercamiento del pueblo mexicanos con el presidente. La ciudad de Mazatl\u00e1n, en Sinaloa, a la altura de los Cabos, pero\u00a0 en la masa del territorio, esta repleta de visitantes para gozar el Eclipse Total de Sol de hoy. L\u00f3pez Obrador, trasmitir\u00e1 La Ma\u00f1anera, pero ese tiempo ser\u00e1 para que los cient\u00edficos\u00a0vayan explicando [&hellip;]<!-- AddThis Advanced Settings generic via filter on get_the_excerpt --><!-- AddThis Share Buttons generic via filter on get_the_excerpt --><\/p>\n","protected":false},"author":16,"featured_media":0,"comment_status":"open","ping_status":"closed","sticky":false,"template":"","format":"standard","meta":[],"categories":[1],"tags":[],"_links":{"self":[{"href":"https:\/\/blogs.elcomercio.es\/reflexiones-de-belarmino\/wp-json\/wp\/v2\/posts\/35711"}],"collection":[{"href":"https:\/\/blogs.elcomercio.es\/reflexiones-de-belarmino\/wp-json\/wp\/v2\/posts"}],"about":[{"href":"https:\/\/blogs.elcomercio.es\/reflexiones-de-belarmino\/wp-json\/wp\/v2\/types\/post"}],"author":[{"embeddable":true,"href":"https:\/\/blogs.elcomercio.es\/reflexiones-de-belarmino\/wp-json\/wp\/v2\/users\/16"}],"replies":[{"embeddable":true,"href":"https:\/\/blogs.elcomercio.es\/reflexiones-de-belarmino\/wp-json\/wp\/v2\/comments?post=35711"}],"version-history":[{"count":2,"href":"https:\/\/blogs.elcomercio.es\/reflexiones-de-belarmino\/wp-json\/wp\/v2\/posts\/35711\/revisions"}],"predecessor-version":[{"id":35713,"href":"https:\/\/blogs.elcomercio.es\/reflexiones-de-belarmino\/wp-json\/wp\/v2\/posts\/35711\/revisions\/35713"}],"wp:attachment":[{"href":"https:\/\/blogs.elcomercio.es\/reflexiones-de-belarmino\/wp-json\/wp\/v2\/media?parent=35711"}],"wp:term":[{"taxonomy":"category","embeddable":true,"href":"https:\/\/blogs.elcomercio.es\/reflexiones-de-belarmino\/wp-json\/wp\/v2\/categories?post=35711"},{"taxonomy":"post_tag","embeddable":true,"href":"https:\/\/blogs.elcomercio.es\/reflexiones-de-belarmino\/wp-json\/wp\/v2\/tags?post=35711"}],"curies":[{"name":"wp","href":"https:\/\/api.w.org\/{rel}","templated":true}]}}