{"id":35714,"date":"2024-04-08T19:29:58","date_gmt":"2024-04-08T17:29:58","guid":{"rendered":"https:\/\/blogs.elcomercio.es\/reflexiones-de-belarmino\/?p=35714"},"modified":"2024-04-08T19:30:35","modified_gmt":"2024-04-08T17:30:35","slug":"empezo-durante-4-segundos-la-luna-tapara-totalmente-al-sol-mazatlan-cleveland-y-montreal-millones-lo-esperan","status":"publish","type":"post","link":"https:\/\/blogs.elcomercio.es\/reflexiones-de-belarmino\/2024\/04\/08\/empezo-durante-4-segundos-la-luna-tapara-totalmente-al-sol-mazatlan-cleveland-y-montreal-millones-lo-esperan\/","title":{"rendered":"\u00a1\u00a1\u00a1\u00a1\u00a1EMPEZ\u00d3&#8230;. DURANTE 4 SEGUNDOS, LA LUNA TAPAR\u00c4 TOTALMENTE AL SOL: MAZATL\u00c1N, CLEVELAND Y MONTREAL, MILLONES LO ESPERAN !!!"},"content":{"rendered":"<p><b>El Eclipse Total de Sol, empez\u00f3 a producirse en un proceso de dos horas hace una hora en Mazatl\u00e1n, Sinaloa, M\u00e9xico. En este momento la luna empieza a pasar parcialmente el sol el. Los ANIMALITOS creen que est\u00e1 llegando la anoche, y desconcertados se preparan para ir a dormir pronto, en algo que NO ENTIENDEN\u00a0 pero\u00a0 SI\u00a0 SIENTEN. Mientras los humanos, que tenemos CONCIENCIA\u00a0 nos aprestamos a gozar el espect\u00e1culo que durar\u00e1 4 horas,dos mientras la luna avanza\u00a0 y va cubriendo parcialmente el sol, LUEGO 4 SEGUNDOS DE OSCURIDAD TOTAL y luego otras 2 en que la luna empieza a disminuir hasta desaparecer ante el sol. <\/b><\/p>\n<p><b>Para los animalitos, ha vuelto a amanecer, en esta abreve noche y vuelve a oirse al gallo con su !qui, qui,,r\u00ed,!!<\/b><\/p>\n<p><b>Imaginemos, si hoy, hay millones vi\u00e9ndolo\u00a0en Norteam\u00e9rica,y se trasmite en vivo por internet, en el 2024, imagin\u00e9monos\u00a0a nuestros\u00a0antepasados lo que pensar\u00edan cuando se\u00a0produc\u00eda un fen\u00f3meno\u00a0\u00fanico que no entender\u00edan m\u00e1s que como un presagio malo de los dioses.<\/b><\/p>\n<p><strong>El ECLIPSE TOTAL DE SOL es visible totalmente en Norteamerica, y pasar\u00e1 por MAZATLAN, SINALOA, luego horas m\u00e1s tarde se podr\u00e1 ver en CLEVELAND en EE:UU, y mas tarde en MONTREAL, CANAD\u00c1.<\/strong><\/p>\n<p><b>En ese inter de dos horas el Presidente de M\u00e9xico, est\u00e1 dando su Ma\u00f1anera, dividida en dos.La primera la informaci\u00f3n sobre seguridad de cada mes, mostrando en gr\u00e1ficas\u00a0el desarrollo de los homicidios en M\u00e9xico, que se incrementaron con los c\u00e1rteles en los gobiernos neoliberales,<\/b><\/p>\n<p><b>Ll egando en su c\u00faspide\u00a0con FELIPE CALDERON\u00a0 donde SUBI\u00d3 UN 192.5 %,como nunca antes, y que a pesar de como lo\u00a0 dej\u00f3 Pe\u00f1a Nieto, hoy\u00a0 en la IV Transformaci\u00f3n no ha subido, sino por primera vez\u00a0 HA BAJADO EL 22 %\u00a0 por primera vez en\u00a0 50 a\u00f1os.<\/b><\/p>\n<p><strong>Dentro de poco, se realiza la segunda Ma\u00f1anera, dedicada al Eclipse.LA TRASMISI\u00d3N EN MAZATL\u00c1N.<\/strong><\/p>\n<p><strong>Volvemos al fen\u00f3meno. Cualquiera de ustedes lo puede ver por internet.<\/strong><\/p>\n<p>&nbsp;<\/p>\n<!-- AddThis Advanced Settings generic via filter on the_content --><!-- AddThis Share Buttons generic via filter on the_content -->","protected":false},"excerpt":{"rendered":"<p>El Eclipse Total de Sol, empez\u00f3 a producirse en un proceso de dos horas hace una hora en Mazatl\u00e1n, Sinaloa, M\u00e9xico. En este momento la luna empieza a pasar parcialmente el sol el. Los ANIMALITOS creen que est\u00e1 llegando la anoche, y desconcertados se preparan para ir a dormir pronto, en algo que NO ENTIENDEN\u00a0 [&hellip;]<!-- AddThis Advanced Settings generic via filter on get_the_excerpt --><!-- AddThis Share Buttons generic via filter on get_the_excerpt --><\/p>\n","protected":false},"author":16,"featured_media":0,"comment_status":"open","ping_status":"closed","sticky":false,"template":"","format":"standard","meta":[],"categories":[1],"tags":[],"_links":{"self":[{"href":"https:\/\/blogs.elcomercio.es\/reflexiones-de-belarmino\/wp-json\/wp\/v2\/posts\/35714"}],"collection":[{"href":"https:\/\/blogs.elcomercio.es\/reflexiones-de-belarmino\/wp-json\/wp\/v2\/posts"}],"about":[{"href":"https:\/\/blogs.elcomercio.es\/reflexiones-de-belarmino\/wp-json\/wp\/v2\/types\/post"}],"author":[{"embeddable":true,"href":"https:\/\/blogs.elcomercio.es\/reflexiones-de-belarmino\/wp-json\/wp\/v2\/users\/16"}],"replies":[{"embeddable":true,"href":"https:\/\/blogs.elcomercio.es\/reflexiones-de-belarmino\/wp-json\/wp\/v2\/comments?post=35714"}],"version-history":[{"count":2,"href":"https:\/\/blogs.elcomercio.es\/reflexiones-de-belarmino\/wp-json\/wp\/v2\/posts\/35714\/revisions"}],"predecessor-version":[{"id":35716,"href":"https:\/\/blogs.elcomercio.es\/reflexiones-de-belarmino\/wp-json\/wp\/v2\/posts\/35714\/revisions\/35716"}],"wp:attachment":[{"href":"https:\/\/blogs.elcomercio.es\/reflexiones-de-belarmino\/wp-json\/wp\/v2\/media?parent=35714"}],"wp:term":[{"taxonomy":"category","embeddable":true,"href":"https:\/\/blogs.elcomercio.es\/reflexiones-de-belarmino\/wp-json\/wp\/v2\/categories?post=35714"},{"taxonomy":"post_tag","embeddable":true,"href":"https:\/\/blogs.elcomercio.es\/reflexiones-de-belarmino\/wp-json\/wp\/v2\/tags?post=35714"}],"curies":[{"name":"wp","href":"https:\/\/api.w.org\/{rel}","templated":true}]}}