{"id":36003,"date":"2024-04-20T16:44:23","date_gmt":"2024-04-20T14:44:23","guid":{"rendered":"https:\/\/blogs.elcomercio.es\/reflexiones-de-belarmino\/?p=36003"},"modified":"2024-04-20T16:44:41","modified_gmt":"2024-04-20T14:44:41","slug":"la-oposicion-venezolana-acaba-de-elegir-al-ex-embajador-edmundo-gonzalez-urrutia-como-su-candidadto-contra-maduro-el-28-de-julio","status":"publish","type":"post","link":"https:\/\/blogs.elcomercio.es\/reflexiones-de-belarmino\/2024\/04\/20\/la-oposicion-venezolana-acaba-de-elegir-al-ex-embajador-edmundo-gonzalez-urrutia-como-su-candidadto-contra-maduro-el-28-de-julio\/","title":{"rendered":"\u00a1\u00a1\u00a1\u00a1\u00a1LA OPOSICION VENEZOLANA ACABA DE ELEGIR AL EX EMBAJADOR EDMUNDO GONZALEZ URRUTIA COMO SU CANDIDADTO CONTRA MADURO EL 28 DE JULIO !!!"},"content":{"rendered":"<p><b>La Plataforma Unitaria Democr\u00e1tica(PUD), ha informado que ha elegido al ex embajador Edmundo Gonz\u00e1laez Urrutia, como el lider de la oposici\u00f3n que enfrentar\u00e1 el 28 de julio a Nicol\u00e1s Maduro. Pasaron los a\u00f1os, los Estados Unidos reventaron al pa\u00eds, llevaron a 3 millones al exilio, hasta que necesitados del petroleo del\u00a0 pa\u00eds que m\u00e1s reservas tiene en el mundo (309,000 millones de barriles=Iran-Irak juntos), levantaron las sanciones, Maduro accedi\u00f3\u00a0a las elecciones, y como si nada.<\/b><\/p>\n<p><strong>Manipulados millones de venezolanos andan por el mundo, &#8220;defendiendo la libertad&#8221;<\/strong><\/p>\n<p><b>Ninguno de aquellos personajes manejados por los Estados Unidos y sus replicas en Occidente, como Mario L\u00f3pez,\u00a0 Hern\u00e1n Capriles, c\u00f3modamente\u00a0viviendo en Madrid, entre otros han sido elegidos por la autentica\u00a0oposici\u00f3n.<\/b><\/p>\n<p><strong>Raz\u00f3n de Estados Unidos, que no tiene amigos s\u00f3lo intereses. Para que cruzar el Golfo P\u00e9rsico y el Estrecho de Ormuz, si en su patio trasero tienen las grandes reservas de Venezuela.<\/strong><\/p>\n<!-- AddThis Advanced Settings generic via filter on the_content --><!-- AddThis Share Buttons generic via filter on the_content -->","protected":false},"excerpt":{"rendered":"<p>La Plataforma Unitaria Democr\u00e1tica(PUD), ha informado que ha elegido al ex embajador Edmundo Gonz\u00e1laez Urrutia, como el lider de la oposici\u00f3n que enfrentar\u00e1 el 28 de julio a Nicol\u00e1s Maduro. Pasaron los a\u00f1os, los Estados Unidos reventaron al pa\u00eds, llevaron a 3 millones al exilio, hasta que necesitados del petroleo del\u00a0 pa\u00eds que m\u00e1s reservas [&hellip;]<!-- AddThis Advanced Settings generic via filter on get_the_excerpt --><!-- AddThis Share Buttons generic via filter on get_the_excerpt --><\/p>\n","protected":false},"author":16,"featured_media":0,"comment_status":"open","ping_status":"closed","sticky":false,"template":"","format":"standard","meta":[],"categories":[1],"tags":[],"_links":{"self":[{"href":"https:\/\/blogs.elcomercio.es\/reflexiones-de-belarmino\/wp-json\/wp\/v2\/posts\/36003"}],"collection":[{"href":"https:\/\/blogs.elcomercio.es\/reflexiones-de-belarmino\/wp-json\/wp\/v2\/posts"}],"about":[{"href":"https:\/\/blogs.elcomercio.es\/reflexiones-de-belarmino\/wp-json\/wp\/v2\/types\/post"}],"author":[{"embeddable":true,"href":"https:\/\/blogs.elcomercio.es\/reflexiones-de-belarmino\/wp-json\/wp\/v2\/users\/16"}],"replies":[{"embeddable":true,"href":"https:\/\/blogs.elcomercio.es\/reflexiones-de-belarmino\/wp-json\/wp\/v2\/comments?post=36003"}],"version-history":[{"count":2,"href":"https:\/\/blogs.elcomercio.es\/reflexiones-de-belarmino\/wp-json\/wp\/v2\/posts\/36003\/revisions"}],"predecessor-version":[{"id":36005,"href":"https:\/\/blogs.elcomercio.es\/reflexiones-de-belarmino\/wp-json\/wp\/v2\/posts\/36003\/revisions\/36005"}],"wp:attachment":[{"href":"https:\/\/blogs.elcomercio.es\/reflexiones-de-belarmino\/wp-json\/wp\/v2\/media?parent=36003"}],"wp:term":[{"taxonomy":"category","embeddable":true,"href":"https:\/\/blogs.elcomercio.es\/reflexiones-de-belarmino\/wp-json\/wp\/v2\/categories?post=36003"},{"taxonomy":"post_tag","embeddable":true,"href":"https:\/\/blogs.elcomercio.es\/reflexiones-de-belarmino\/wp-json\/wp\/v2\/tags?post=36003"}],"curies":[{"name":"wp","href":"https:\/\/api.w.org\/{rel}","templated":true}]}}