{"id":36114,"date":"2024-04-24T16:36:17","date_gmt":"2024-04-24T14:36:17","guid":{"rendered":"https:\/\/blogs.elcomercio.es\/reflexiones-de-belarmino\/?p=36114"},"modified":"2024-04-24T16:36:17","modified_gmt":"2024-04-24T14:36:17","slug":"mienten-es-otra-begona-garcia-con-dni-diferente-the-objective-paula-qunteros-el-exilio-venezolano-y-vox-cruzan-una-linea-roja-inaceptable","status":"publish","type":"post","link":"https:\/\/blogs.elcomercio.es\/reflexiones-de-belarmino\/2024\/04\/24\/mienten-es-otra-begona-garcia-con-dni-diferente-the-objective-paula-qunteros-el-exilio-venezolano-y-vox-cruzan-una-linea-roja-inaceptable\/","title":{"rendered":"\u00a1\u00a1\u00a1MIENTEN&#8230;ES OTRA BEGO\u00d1A GARCIA CON DNI DIFERENTE. THE  OBJECTIVE, PAULA QUNTEROS, EL EXILIO VENEZOLANO Y VOX  CRUZAN UNA LINEA ROJA INACEPTABLE !!!"},"content":{"rendered":"<p><b>Paula Quinteros, la mujer que gracias a la Golden Visa, en 2016, con dinero del exilio venezolano, ,\u00a0 compr\u00f3 todas las acciones del viejo diario, que arrib\u00f3 a Espa\u00f1a y, hoy con 43 a\u00f1os, inteligente, decidida a tirar a El SANCHISMO\u00a0 ha utilizado a The Objective, la cabeza de playa de la extrema derecha espa\u00f1ola, la que ficho a Cebr\u00edan, y encontr\u00f3 el fil\u00f3n de una historia creada por Katty Garath, para involucrar\u00a0a una Bego\u00f1a G\u00f3mez, con un DNI diferente\u00a0a la esposa del presidente, y que uso a Manos Limpias, de el Yunque, para desacreditarla.<\/b><\/p>\n<p><b>Mientras se aclara o no, al entrar en una investigaci\u00f3n contra la esposa del presidente del Gobierno, va a manchar su imagen por meses, mientras se aclara, han HECHO SALTAR\u00a0UNA LINEA ROJA, con lo que van a embarrar al de por si, sistema espa\u00f1ol, sin Poder Judicial, que tendr\u00e1\u00a0agraves consecuencias.<\/b><\/p>\n<p>&nbsp;<\/p>\n<p><b>Como pas\u00f3 en el 36, la derecha est\u00e1 dispuesta\u00a0a todo para acabar con un proceso de cambio. Para ellos el SANCHISMO es la continuaci\u00f3n de la II. Republica\u00a0 y hay que acabar con lo que significa.<\/b><\/p>\n<p><strong>Duros momentos nos esperan.<\/strong><\/p>\n<p>&nbsp;<\/p>\n<p>&nbsp;<\/p>\n<!-- AddThis Advanced Settings generic via filter on the_content --><!-- AddThis Share Buttons generic via filter on the_content -->","protected":false},"excerpt":{"rendered":"<p>Paula Quinteros, la mujer que gracias a la Golden Visa, en 2016, con dinero del exilio venezolano, ,\u00a0 compr\u00f3 todas las acciones del viejo diario, que arrib\u00f3 a Espa\u00f1a y, hoy con 43 a\u00f1os, inteligente, decidida a tirar a El SANCHISMO\u00a0 ha utilizado a The Objective, la cabeza de playa de la extrema derecha espa\u00f1ola, [&hellip;]<!-- AddThis Advanced Settings generic via filter on get_the_excerpt --><!-- AddThis Share Buttons generic via filter on get_the_excerpt --><\/p>\n","protected":false},"author":16,"featured_media":0,"comment_status":"open","ping_status":"closed","sticky":false,"template":"","format":"standard","meta":[],"categories":[1],"tags":[],"_links":{"self":[{"href":"https:\/\/blogs.elcomercio.es\/reflexiones-de-belarmino\/wp-json\/wp\/v2\/posts\/36114"}],"collection":[{"href":"https:\/\/blogs.elcomercio.es\/reflexiones-de-belarmino\/wp-json\/wp\/v2\/posts"}],"about":[{"href":"https:\/\/blogs.elcomercio.es\/reflexiones-de-belarmino\/wp-json\/wp\/v2\/types\/post"}],"author":[{"embeddable":true,"href":"https:\/\/blogs.elcomercio.es\/reflexiones-de-belarmino\/wp-json\/wp\/v2\/users\/16"}],"replies":[{"embeddable":true,"href":"https:\/\/blogs.elcomercio.es\/reflexiones-de-belarmino\/wp-json\/wp\/v2\/comments?post=36114"}],"version-history":[{"count":2,"href":"https:\/\/blogs.elcomercio.es\/reflexiones-de-belarmino\/wp-json\/wp\/v2\/posts\/36114\/revisions"}],"predecessor-version":[{"id":36116,"href":"https:\/\/blogs.elcomercio.es\/reflexiones-de-belarmino\/wp-json\/wp\/v2\/posts\/36114\/revisions\/36116"}],"wp:attachment":[{"href":"https:\/\/blogs.elcomercio.es\/reflexiones-de-belarmino\/wp-json\/wp\/v2\/media?parent=36114"}],"wp:term":[{"taxonomy":"category","embeddable":true,"href":"https:\/\/blogs.elcomercio.es\/reflexiones-de-belarmino\/wp-json\/wp\/v2\/categories?post=36114"},{"taxonomy":"post_tag","embeddable":true,"href":"https:\/\/blogs.elcomercio.es\/reflexiones-de-belarmino\/wp-json\/wp\/v2\/tags?post=36114"}],"curies":[{"name":"wp","href":"https:\/\/api.w.org\/{rel}","templated":true}]}}