{"id":36175,"date":"2024-04-29T11:27:58","date_gmt":"2024-04-29T09:27:58","guid":{"rendered":"https:\/\/blogs.elcomercio.es\/reflexiones-de-belarmino\/?p=36175"},"modified":"2024-04-29T11:27:58","modified_gmt":"2024-04-29T09:27:58","slug":"pedro-sanchez-no-dimite-llama-a-la-sociedad-a-una-lucha-contra-la-basura-y-la-descalificacion-y-anuncia-cambios-mas-fuertes","status":"publish","type":"post","link":"https:\/\/blogs.elcomercio.es\/reflexiones-de-belarmino\/2024\/04\/29\/pedro-sanchez-no-dimite-llama-a-la-sociedad-a-una-lucha-contra-la-basura-y-la-descalificacion-y-anuncia-cambios-mas-fuertes\/","title":{"rendered":"\u00a1\u00a1\u00a1\u00a1\u00a1\u00a1 PEDRO SANCHEZ NO DIMITE. LLAMA A LA SOCIEDAD A UNA LUCHA CONTRA LA &#8220;BASURA Y LA DESCALIFICACI\u00d3N &#8221; Y ANUNCIA CAMBIOS MAS FUERTES&#8221;!!!!!"},"content":{"rendered":"<p><b>Tras cinco d\u00edas\u00a0 de reflexi\u00f3n no s\u00f3lo de \u00e9l, sino de toda la sociedad que la necesitaba, el presidente del Gobierno informo al Rey, y acaba de hacerlo al pais NO DIMITE. Llama a un esfuerzo colectivo para limpiar y regenerar\u00a0la sociedad y la politica espa\u00f1ola y advierte que tomara\u00a0medidas m\u00e1s fuertes en favor de la transformaci\u00f3n\u00a0del sistema y en beneficio de la sociedad.El pero escenario para la oposici\u00f3n sin principios, se ha dado a las\u00a0 11 horas del 29 de abril del 2024<\/b><\/p>\n<!-- AddThis Advanced Settings generic via filter on the_content --><!-- AddThis Share Buttons generic via filter on the_content -->","protected":false},"excerpt":{"rendered":"<p>Tras cinco d\u00edas\u00a0 de reflexi\u00f3n no s\u00f3lo de \u00e9l, sino de toda la sociedad que la necesitaba, el presidente del Gobierno informo al Rey, y acaba de hacerlo al pais NO DIMITE. Llama a un esfuerzo colectivo para limpiar y regenerar\u00a0la sociedad y la politica espa\u00f1ola y advierte que tomara\u00a0medidas m\u00e1s fuertes en favor de [&hellip;]<!-- AddThis Advanced Settings generic via filter on get_the_excerpt --><!-- AddThis Share Buttons generic via filter on get_the_excerpt --><\/p>\n","protected":false},"author":16,"featured_media":0,"comment_status":"open","ping_status":"closed","sticky":false,"template":"","format":"standard","meta":[],"categories":[1],"tags":[],"_links":{"self":[{"href":"https:\/\/blogs.elcomercio.es\/reflexiones-de-belarmino\/wp-json\/wp\/v2\/posts\/36175"}],"collection":[{"href":"https:\/\/blogs.elcomercio.es\/reflexiones-de-belarmino\/wp-json\/wp\/v2\/posts"}],"about":[{"href":"https:\/\/blogs.elcomercio.es\/reflexiones-de-belarmino\/wp-json\/wp\/v2\/types\/post"}],"author":[{"embeddable":true,"href":"https:\/\/blogs.elcomercio.es\/reflexiones-de-belarmino\/wp-json\/wp\/v2\/users\/16"}],"replies":[{"embeddable":true,"href":"https:\/\/blogs.elcomercio.es\/reflexiones-de-belarmino\/wp-json\/wp\/v2\/comments?post=36175"}],"version-history":[{"count":2,"href":"https:\/\/blogs.elcomercio.es\/reflexiones-de-belarmino\/wp-json\/wp\/v2\/posts\/36175\/revisions"}],"predecessor-version":[{"id":36177,"href":"https:\/\/blogs.elcomercio.es\/reflexiones-de-belarmino\/wp-json\/wp\/v2\/posts\/36175\/revisions\/36177"}],"wp:attachment":[{"href":"https:\/\/blogs.elcomercio.es\/reflexiones-de-belarmino\/wp-json\/wp\/v2\/media?parent=36175"}],"wp:term":[{"taxonomy":"category","embeddable":true,"href":"https:\/\/blogs.elcomercio.es\/reflexiones-de-belarmino\/wp-json\/wp\/v2\/categories?post=36175"},{"taxonomy":"post_tag","embeddable":true,"href":"https:\/\/blogs.elcomercio.es\/reflexiones-de-belarmino\/wp-json\/wp\/v2\/tags?post=36175"}],"curies":[{"name":"wp","href":"https:\/\/api.w.org\/{rel}","templated":true}]}}