{"id":36198,"date":"2024-04-29T20:18:22","date_gmt":"2024-04-29T18:18:22","guid":{"rendered":"https:\/\/blogs.elcomercio.es\/reflexiones-de-belarmino\/?p=36198"},"modified":"2024-04-29T20:18:22","modified_gmt":"2024-04-29T18:18:22","slug":"como-complemento-a-su-decision-de-no-renunciar-el-presidente-desglosara-proyectos-en-rtve","status":"publish","type":"post","link":"https:\/\/blogs.elcomercio.es\/reflexiones-de-belarmino\/2024\/04\/29\/como-complemento-a-su-decision-de-no-renunciar-el-presidente-desglosara-proyectos-en-rtve\/","title":{"rendered":"\u00a1\u00a1\u00a1\u00a1COMO COMPLEMENTO A SU DECISI\u00d3N DE NO RENUNCIAR, EL PRESIDENTE DESGLOSAR\u00c1 PROYECTOS EN RTVE !!!"},"content":{"rendered":"<p><strong>Inteligente, el presidente del gobierno a las\u00a0 11 de la ma\u00f1a\u00f1a. Anunci\u00f3 su decisi\u00f3n de No Dimitir. Muchos se quejaron por que ese anuncio no dec\u00eda por donde ir. Pues hoy, en RTVE, en la noche, en su derecho va a informar por donde ir.<\/strong><\/p>\n<!-- AddThis Advanced Settings generic via filter on the_content --><!-- AddThis Share Buttons generic via filter on the_content -->","protected":false},"excerpt":{"rendered":"<p>Inteligente, el presidente del gobierno a las\u00a0 11 de la ma\u00f1a\u00f1a. Anunci\u00f3 su decisi\u00f3n de No Dimitir. Muchos se quejaron por que ese anuncio no dec\u00eda por donde ir. Pues hoy, en RTVE, en la noche, en su derecho va a informar por donde ir.<!-- AddThis Advanced Settings generic via filter on get_the_excerpt --><!-- AddThis Share Buttons generic via filter on get_the_excerpt --><\/p>\n","protected":false},"author":16,"featured_media":0,"comment_status":"open","ping_status":"closed","sticky":false,"template":"","format":"standard","meta":[],"categories":[1],"tags":[],"_links":{"self":[{"href":"https:\/\/blogs.elcomercio.es\/reflexiones-de-belarmino\/wp-json\/wp\/v2\/posts\/36198"}],"collection":[{"href":"https:\/\/blogs.elcomercio.es\/reflexiones-de-belarmino\/wp-json\/wp\/v2\/posts"}],"about":[{"href":"https:\/\/blogs.elcomercio.es\/reflexiones-de-belarmino\/wp-json\/wp\/v2\/types\/post"}],"author":[{"embeddable":true,"href":"https:\/\/blogs.elcomercio.es\/reflexiones-de-belarmino\/wp-json\/wp\/v2\/users\/16"}],"replies":[{"embeddable":true,"href":"https:\/\/blogs.elcomercio.es\/reflexiones-de-belarmino\/wp-json\/wp\/v2\/comments?post=36198"}],"version-history":[{"count":2,"href":"https:\/\/blogs.elcomercio.es\/reflexiones-de-belarmino\/wp-json\/wp\/v2\/posts\/36198\/revisions"}],"predecessor-version":[{"id":36200,"href":"https:\/\/blogs.elcomercio.es\/reflexiones-de-belarmino\/wp-json\/wp\/v2\/posts\/36198\/revisions\/36200"}],"wp:attachment":[{"href":"https:\/\/blogs.elcomercio.es\/reflexiones-de-belarmino\/wp-json\/wp\/v2\/media?parent=36198"}],"wp:term":[{"taxonomy":"category","embeddable":true,"href":"https:\/\/blogs.elcomercio.es\/reflexiones-de-belarmino\/wp-json\/wp\/v2\/categories?post=36198"},{"taxonomy":"post_tag","embeddable":true,"href":"https:\/\/blogs.elcomercio.es\/reflexiones-de-belarmino\/wp-json\/wp\/v2\/tags?post=36198"}],"curies":[{"name":"wp","href":"https:\/\/api.w.org\/{rel}","templated":true}]}}