{"id":36261,"date":"2024-05-03T10:58:35","date_gmt":"2024-05-03T08:58:35","guid":{"rendered":"https:\/\/blogs.elcomercio.es\/reflexiones-de-belarmino\/?p=36261"},"modified":"2024-05-03T10:58:35","modified_gmt":"2024-05-03T08:58:35","slug":"ladran-luego-cabalgamos-decia-el-quijote-en-el-historia-todos-los-que-se-oponen-a-los-cambios-son-los-que-ladran-al-perturbarse-su-paz","status":"publish","type":"post","link":"https:\/\/blogs.elcomercio.es\/reflexiones-de-belarmino\/2024\/05\/03\/ladran-luego-cabalgamos-decia-el-quijote-en-el-historia-todos-los-que-se-oponen-a-los-cambios-son-los-que-ladran-al-perturbarse-su-paz\/","title":{"rendered":"\u00a1\u00a1\u00a1\u00a1 &#8221; LADRAN, LUEGO CABALGAMOS&#8221;, DEC\u00cdA EL QUIJOTE . EN EL HISTORIA TODOS LOS QUE SE OPONEN A LOS CAMBIOS SON LOS QUE LADRAN,  AL PERTURBARSE &#8220;SU PAZ &#8220;!!!!!"},"content":{"rendered":"<p><b>A lo largo de la historia, siempre en evoluci\u00f3n, los que se oponen a que cambie su estable condici\u00f3n, donde est\u00e1n c\u00f3modos, a\u00a0 costillas de otros que lo permiten, de inmediato surge el ruido, la mentira, la descalificaci\u00f3n de los que quieren cambiar ese estatus. No es nuevo, es universal e hist\u00f3rico.Hoy, lo primero que\u00a0 me vino a la mente, fue\u00a0la frase de Don Quijote de la Mancha, a Sancho: LADRAN, LUEGO CABALGAMOS. Pens\u00e9moslo.<\/b><\/p>\n<p>&nbsp;<\/p>\n<!-- AddThis Advanced Settings generic via filter on the_content --><!-- AddThis Share Buttons generic via filter on the_content -->","protected":false},"excerpt":{"rendered":"<p>A lo largo de la historia, siempre en evoluci\u00f3n, los que se oponen a que cambie su estable condici\u00f3n, donde est\u00e1n c\u00f3modos, a\u00a0 costillas de otros que lo permiten, de inmediato surge el ruido, la mentira, la descalificaci\u00f3n de los que quieren cambiar ese estatus. No es nuevo, es universal e hist\u00f3rico.Hoy, lo primero que\u00a0 [&hellip;]<!-- AddThis Advanced Settings generic via filter on get_the_excerpt --><!-- AddThis Share Buttons generic via filter on get_the_excerpt --><\/p>\n","protected":false},"author":16,"featured_media":0,"comment_status":"open","ping_status":"closed","sticky":false,"template":"","format":"standard","meta":[],"categories":[1],"tags":[],"_links":{"self":[{"href":"https:\/\/blogs.elcomercio.es\/reflexiones-de-belarmino\/wp-json\/wp\/v2\/posts\/36261"}],"collection":[{"href":"https:\/\/blogs.elcomercio.es\/reflexiones-de-belarmino\/wp-json\/wp\/v2\/posts"}],"about":[{"href":"https:\/\/blogs.elcomercio.es\/reflexiones-de-belarmino\/wp-json\/wp\/v2\/types\/post"}],"author":[{"embeddable":true,"href":"https:\/\/blogs.elcomercio.es\/reflexiones-de-belarmino\/wp-json\/wp\/v2\/users\/16"}],"replies":[{"embeddable":true,"href":"https:\/\/blogs.elcomercio.es\/reflexiones-de-belarmino\/wp-json\/wp\/v2\/comments?post=36261"}],"version-history":[{"count":3,"href":"https:\/\/blogs.elcomercio.es\/reflexiones-de-belarmino\/wp-json\/wp\/v2\/posts\/36261\/revisions"}],"predecessor-version":[{"id":36264,"href":"https:\/\/blogs.elcomercio.es\/reflexiones-de-belarmino\/wp-json\/wp\/v2\/posts\/36261\/revisions\/36264"}],"wp:attachment":[{"href":"https:\/\/blogs.elcomercio.es\/reflexiones-de-belarmino\/wp-json\/wp\/v2\/media?parent=36261"}],"wp:term":[{"taxonomy":"category","embeddable":true,"href":"https:\/\/blogs.elcomercio.es\/reflexiones-de-belarmino\/wp-json\/wp\/v2\/categories?post=36261"},{"taxonomy":"post_tag","embeddable":true,"href":"https:\/\/blogs.elcomercio.es\/reflexiones-de-belarmino\/wp-json\/wp\/v2\/tags?post=36261"}],"curies":[{"name":"wp","href":"https:\/\/api.w.org\/{rel}","templated":true}]}}