{"id":36497,"date":"2024-05-12T17:48:02","date_gmt":"2024-05-12T15:48:02","guid":{"rendered":"https:\/\/blogs.elcomercio.es\/reflexiones-de-belarmino\/?p=36497"},"modified":"2024-05-12T17:48:02","modified_gmt":"2024-05-12T15:48:02","slug":"urgente-no-hay-comida-para-hoy-en-gaza-verguenza-mundial","status":"publish","type":"post","link":"https:\/\/blogs.elcomercio.es\/reflexiones-de-belarmino\/2024\/05\/12\/urgente-no-hay-comida-para-hoy-en-gaza-verguenza-mundial\/","title":{"rendered":"\u00a1\u00a1\u00a1\u00a1\u00a1URGENTE:   &#8221; NO HAY COMIDA PARA HOY EN GAZA&#8221;.- VERG\u00dcENZA MUNDIAL !!!"},"content":{"rendered":"<p><b>Miles de camiones con alimentos, medicinas y combustible llevan 4 semanas sin poder\u00a0entrar a Gaza, al imped\u00edrselo\u00a0Israel, al grado que ,se\u00f1ala\u00a0 Naciones Unidas NO HAY COMIDA PARA HOY EN GAZA. Se acerca el d\u00eda en que Netanyahu y su pandilla, ser\u00e1n llamados a cuentas por la Justicia Mundial. Hoy Egipto se agreg\u00f3 a Sud\u00e1frica\u00a0en su acusaci\u00f3n de GENOCIDIO CONTRA ISRAEL.<\/b><\/p>\n<!-- AddThis Advanced Settings generic via filter on the_content --><!-- AddThis Share Buttons generic via filter on the_content -->","protected":false},"excerpt":{"rendered":"<p>Miles de camiones con alimentos, medicinas y combustible llevan 4 semanas sin poder\u00a0entrar a Gaza, al imped\u00edrselo\u00a0Israel, al grado que ,se\u00f1ala\u00a0 Naciones Unidas NO HAY COMIDA PARA HOY EN GAZA. Se acerca el d\u00eda en que Netanyahu y su pandilla, ser\u00e1n llamados a cuentas por la Justicia Mundial. Hoy Egipto se agreg\u00f3 a Sud\u00e1frica\u00a0en su [&hellip;]<!-- AddThis Advanced Settings generic via filter on get_the_excerpt --><!-- AddThis Share Buttons generic via filter on get_the_excerpt --><\/p>\n","protected":false},"author":16,"featured_media":0,"comment_status":"open","ping_status":"closed","sticky":false,"template":"","format":"standard","meta":[],"categories":[1],"tags":[],"_links":{"self":[{"href":"https:\/\/blogs.elcomercio.es\/reflexiones-de-belarmino\/wp-json\/wp\/v2\/posts\/36497"}],"collection":[{"href":"https:\/\/blogs.elcomercio.es\/reflexiones-de-belarmino\/wp-json\/wp\/v2\/posts"}],"about":[{"href":"https:\/\/blogs.elcomercio.es\/reflexiones-de-belarmino\/wp-json\/wp\/v2\/types\/post"}],"author":[{"embeddable":true,"href":"https:\/\/blogs.elcomercio.es\/reflexiones-de-belarmino\/wp-json\/wp\/v2\/users\/16"}],"replies":[{"embeddable":true,"href":"https:\/\/blogs.elcomercio.es\/reflexiones-de-belarmino\/wp-json\/wp\/v2\/comments?post=36497"}],"version-history":[{"count":1,"href":"https:\/\/blogs.elcomercio.es\/reflexiones-de-belarmino\/wp-json\/wp\/v2\/posts\/36497\/revisions"}],"predecessor-version":[{"id":36498,"href":"https:\/\/blogs.elcomercio.es\/reflexiones-de-belarmino\/wp-json\/wp\/v2\/posts\/36497\/revisions\/36498"}],"wp:attachment":[{"href":"https:\/\/blogs.elcomercio.es\/reflexiones-de-belarmino\/wp-json\/wp\/v2\/media?parent=36497"}],"wp:term":[{"taxonomy":"category","embeddable":true,"href":"https:\/\/blogs.elcomercio.es\/reflexiones-de-belarmino\/wp-json\/wp\/v2\/categories?post=36497"},{"taxonomy":"post_tag","embeddable":true,"href":"https:\/\/blogs.elcomercio.es\/reflexiones-de-belarmino\/wp-json\/wp\/v2\/tags?post=36497"}],"curies":[{"name":"wp","href":"https:\/\/api.w.org\/{rel}","templated":true}]}}