{"id":36544,"date":"2024-05-13T19:49:03","date_gmt":"2024-05-13T17:49:03","guid":{"rendered":"https:\/\/blogs.elcomercio.es\/reflexiones-de-belarmino\/?p=36544"},"modified":"2024-05-13T19:49:03","modified_gmt":"2024-05-13T17:49:03","slug":"sumar-que-seria-tan-importante-ahora-no-alcanza-a-despegar","status":"publish","type":"post","link":"https:\/\/blogs.elcomercio.es\/reflexiones-de-belarmino\/2024\/05\/13\/sumar-que-seria-tan-importante-ahora-no-alcanza-a-despegar\/","title":{"rendered":"\u00a1\u00a1\u00a1\u00a1\u00a1SUMAR, QUE SERIA TAN IMPORTANTE AHORA, NO ALCANZA A DESPEGAR !!!"},"content":{"rendered":"<p><b>1,921, Mosc\u00fa, se celebra la III Internacional. Antes ,ante la iniciativa de Marx, que auna su tremendo esfuerzo intelectual con Engels, de materializar las ideas para el cambio, en 1865 en Londres celebrase la I Internacional, con participaci\u00f3n de socialistas y anarquistas, en 1883 tambi\u00e9n en Londres, la II Internacional s\u00f3lo con los partidos socialistas y, con el triunfo de la Revoluci\u00f3n Rusa, en 1,921 se celebra la III Internacional, llamada la Internacional Comunista.<\/b><\/p>\n<p><b>En ella, el movimiento se divide. La Koumiterm sovi\u00e9tica propone que desde Mosc\u00fa se den las instrucciones. Una parte acepta y otra no. De ah\u00ed surgen todos los Partidos Comunistas del Mundo. Por Espa\u00f1a, el PSOE no lo acepta y sigue la Internacional Socialista; una parte de \u00e9ste, se desprende\u00a0y forma el Partido Comunista de Espa\u00f1a.<\/b><\/p>\n<p><b>Hubo desde un principio una fuerte rivalidad entre ambos partidos, y s\u00f3lo en ocasiones en que trabajaban en un proyecto com\u00fan, como fue\u00a0la II Republica y en Asturias de 1934 y el Consejo Soberano de Asturias y Le\u00f3n 1936-1937.<\/b><\/p>\n<p><b>En la dictadura, el PSOE no tuvo apoyos m\u00e1s que lo que apartaba Indalecio Prieto, mientras el PCE ten\u00eda la ayuda econ\u00f3mica\u00a0y material de la Uni\u00f3n Sovietica, de donde surgen las poderosas Comisiones\u00a0Obreras que jugar\u00edan\u00a0tan importante trabajo\u00a0 en la dictadura y\u00a0 a la muerte de FRanco.<\/b><\/p>\n<p><b>En 1982, tras el importante papel para lograr la transici\u00f3n( recuerdo muy bien el d\u00eda que estando en el Congreso en la tribuna, la primera sesi\u00f3n del Congreso fue\u00a0presidida por La Pasionaria y Alberti, por edad, que fue impresionante), en las votaciones el pueblo espa\u00f1ol margina al PCE, y muchos cuadros, dejaron al PCE y se incorporaron a los centenares de miles de puestos que surgieron con la mayor\u00eda absoluta, con un partido con s\u00f3lo 140,000 afiliados, dentro del PSOE.<\/b><\/p>\n<p><b>Ese es el origen del PSOE y de lo que llamamos &#8220;a la izquierda del PSOE&#8221;, que eran Izquierda Unida y otras organizaciones, donde destaca Podemos. No es f\u00e1cil, por ello Pablo Iglesias, lider, le falt\u00f3 madurez, con sus consecuencias y luego el &#8220;dedazo&#8221; como en el PRI dej\u00f3 la presidencia de Podemos en manos de Yolanda D\u00edaz, esperanza para muchos.<\/b><\/p>\n<p><b>Pero todos esos esfuerzos dispersos en Espa\u00f1a, no facilitaban\u00a0la unidad. Cada quien ten\u00eda su organismo, sus siglas y, sobre todos los recursos.<\/b><\/p>\n<p><strong>Cuando Yolanda D\u00edaz pensaba en la presidencia en Espa\u00f1a, como el de Claudia Scheinbaum en M\u00e9xico, observ\u00f3 que no val\u00eda s\u00f3lo una impecable labor de gobierno y un carisma, sino que habia que\u00a0 tejer la organizaci\u00f3n.<\/strong><\/p>\n<p><strong>Y ah\u00ed es donde no ha despegado Sumar hasta ahora en el momento que mas se le necesita. Vox, y ya no digamos el PP, los relegaron en Catalu\u00f1a, tras los malos resultados en Galicia y el Pais Vasco.<\/strong><\/p>\n<p><strong>Quiz\u00e1s ten\u00eda raz\u00f3n\u00a0 Irene Montero cuando dijo que la actitud de Pablo IGlesias, de colocar, sin discusi\u00f3n a Yolanda D\u00edaz fue un error.<\/strong><\/p>\n<p><strong>Esperemos esta Legislatura y las Europeas.<\/strong><\/p>\n<p>&nbsp;<\/p>\n<p>&nbsp;<\/p>\n<!-- AddThis Advanced Settings generic via filter on the_content --><!-- AddThis Share Buttons generic via filter on the_content -->","protected":false},"excerpt":{"rendered":"<p>1,921, Mosc\u00fa, se celebra la III Internacional. Antes ,ante la iniciativa de Marx, que auna su tremendo esfuerzo intelectual con Engels, de materializar las ideas para el cambio, en 1865 en Londres celebrase la I Internacional, con participaci\u00f3n de socialistas y anarquistas, en 1883 tambi\u00e9n en Londres, la II Internacional s\u00f3lo con los partidos socialistas [&hellip;]<!-- AddThis Advanced Settings generic via filter on get_the_excerpt --><!-- AddThis Share Buttons generic via filter on get_the_excerpt --><\/p>\n","protected":false},"author":16,"featured_media":0,"comment_status":"open","ping_status":"closed","sticky":false,"template":"","format":"standard","meta":[],"categories":[1],"tags":[],"_links":{"self":[{"href":"https:\/\/blogs.elcomercio.es\/reflexiones-de-belarmino\/wp-json\/wp\/v2\/posts\/36544"}],"collection":[{"href":"https:\/\/blogs.elcomercio.es\/reflexiones-de-belarmino\/wp-json\/wp\/v2\/posts"}],"about":[{"href":"https:\/\/blogs.elcomercio.es\/reflexiones-de-belarmino\/wp-json\/wp\/v2\/types\/post"}],"author":[{"embeddable":true,"href":"https:\/\/blogs.elcomercio.es\/reflexiones-de-belarmino\/wp-json\/wp\/v2\/users\/16"}],"replies":[{"embeddable":true,"href":"https:\/\/blogs.elcomercio.es\/reflexiones-de-belarmino\/wp-json\/wp\/v2\/comments?post=36544"}],"version-history":[{"count":2,"href":"https:\/\/blogs.elcomercio.es\/reflexiones-de-belarmino\/wp-json\/wp\/v2\/posts\/36544\/revisions"}],"predecessor-version":[{"id":36546,"href":"https:\/\/blogs.elcomercio.es\/reflexiones-de-belarmino\/wp-json\/wp\/v2\/posts\/36544\/revisions\/36546"}],"wp:attachment":[{"href":"https:\/\/blogs.elcomercio.es\/reflexiones-de-belarmino\/wp-json\/wp\/v2\/media?parent=36544"}],"wp:term":[{"taxonomy":"category","embeddable":true,"href":"https:\/\/blogs.elcomercio.es\/reflexiones-de-belarmino\/wp-json\/wp\/v2\/categories?post=36544"},{"taxonomy":"post_tag","embeddable":true,"href":"https:\/\/blogs.elcomercio.es\/reflexiones-de-belarmino\/wp-json\/wp\/v2\/tags?post=36544"}],"curies":[{"name":"wp","href":"https:\/\/api.w.org\/{rel}","templated":true}]}}