{"id":36676,"date":"2024-05-17T13:15:53","date_gmt":"2024-05-17T11:15:53","guid":{"rendered":"https:\/\/blogs.elcomercio.es\/reflexiones-de-belarmino\/?p=36676"},"modified":"2024-05-17T13:17:13","modified_gmt":"2024-05-17T11:17:13","slug":"oviedogijon-aviles-juntos-a-2200-metros-nivel-del-mar-con-3-millones-de-autoscd-de-mexico-igual-contaminacion-que-mata-a-los-60-anos-o","status":"publish","type":"post","link":"https:\/\/blogs.elcomercio.es\/reflexiones-de-belarmino\/2024\/05\/17\/oviedogijon-aviles-juntos-a-2200-metros-nivel-del-mar-con-3-millones-de-autoscd-de-mexico-igual-contaminacion-que-mata-a-los-60-anos-o\/","title":{"rendered":"\u00a1\u00a1\u00a1\u00a1OVIEDO,GIJON, AVILES,.JUNTOS A 2,200 METROS NIVEL DEL MAR, CON 3 MILLONES DE AUTOS,CD. DE MEXICO , IGUAL CONTAMINACI\u00d3N QUE MATA A LOS 60 A\u00d1OS !!!O"},"content":{"rendered":"<p><strong>Unamos a Oviedo, Gij\u00f3n y Aviles, elevemos ese territorio a 2,200 metros de altura, metamosle 20 millones de habitantes y 3 millones de autos y camiones, rodeeles de monta\u00f1as como una olla, eso es la ciudad de M\u00e9xico.<\/strong><\/p>\n<p><b>Nac\u00ed y viv\u00ed hasta que 40 a\u00f1os m\u00e1s tarde nacieron mis hijas, y hu\u00ed fuera de mi ciudad, en 1982, y me traslad\u00e9 gracias la ciudad de M\u00e9rida, bella ciudad en la Peninsula de Yucat\u00e1n, a 40 kil\u00f3metros\u00a0del mar, ciudad blanca por sus construcciones de una planta o, en ocasiones primer piso.Y All\u00ed crecieron mis hijas y luego en Cancun mis nietos y mis gemelas.<\/b><\/p>\n<p><b>Antes de venir a los 67 a\u00f1os a Asturias, estuvo en el entierro sorpresivo de amigos y amigas, matem\u00e1ticas, m\u00e9dicos, de primer nivel, con C\u00c1NCER\u00a0EN EL CEREBRO O EL PULMON. La causa la CONTAMINACI\u00d3N\u00a0DE CIUDAD DE MEXICO.Todos fallecidos a los 60 a\u00f1os, entre ellos mi hermano Carlos, doctor en ciencias, a los 50 de c\u00e1ncer\u00a0en el pulm\u00f3n.<\/b><\/p>\n<p><strong>Al llegar al Paraiso Natural, Asturias, en la peque\u00f1a ciudad de gIj\u00f3n, 200,000 habitantes, presum\u00eda a mis amigas y amigos de estar en una peque\u00f1a ciudad, en el mar Cantabrico, con la monta\u00f1a verde frente a mi apartamento y la playa a cinco minutos. Feliz estaba y estoy, pero&#8230;.<\/strong><\/p>\n<p><strong>Observaba en esos 17 a\u00f1os que mi apartamento siempre estaba lleno de polvillo, lo cual no le prest\u00e9 atenci\u00f2n. Pero un d\u00eda, al abrir la ventana, para dar las gracias de estar vivo, percib\u00ed un olor a huevo podrido, igual al de la ciudad de M\u00e9xico. Sal\u00eda a las calles y se me irritaban los ojos y sent\u00eda la boca pastosa.<\/strong><\/p>\n<p><strong>Y result\u00f3 que, a pesar de los notorios informativos oficiales que hablaban de calidad del aire satisfactorio, no reflejaban la realidad que yo sent\u00eda.<\/strong><\/p>\n<p><strong>Un d\u00eda a media noche, observando v\u00ed salir el humo negro de Arcelor, y como , bien diferenciado del negro de la noche, avanzaba sobre Gij\u00f3n en forma alarmante.<\/strong><\/p>\n<p><b>Record\u00e9\u00a0aquellos estudios de los norteamericanos hace 40 a\u00f1os en M\u00e9xico, donde informaban que el nivel de contaminaci\u00f3n era\u00a0 igual a QUE NUESTROS HIJOS FUMASEN DOS CAJETILLAS DIARIAS DE TABACO.<\/b><\/p>\n<p><strong>En Asturias fracas\u00f3 en 40 a\u00f1os un modelo industrial que depende de EL INDIO O ASTURIAS, y donde siembre han doblado a los gobiernos del Principado, los poderes de Arcelor. Aqu\u00ed no hay gobierno que los pare.<\/strong><\/p>\n<p><strong>Y ah\u00ed est\u00e1n las manifestaciones de los ciudadanos, d\u00eda si, y otro tambi\u00e9n, cargados de raz\u00f3n, y luchando por sus hijos, CON NUESTROS RESPETOS.<\/strong><\/p>\n<p><strong> EN EL OESTE DEBEN MORIR AL A\u00d1O, SIN DECIR CUAL ES LA CAUSA MILES DE ASTURIANOS Y ASTURIANAS, debido a la Contaminaci\u00f3n<\/strong><\/p>\n<p>&nbsp;<\/p>\n<p>&nbsp;<\/p>\n<p>&nbsp;<\/p>\n<!-- AddThis Advanced Settings generic via filter on the_content --><!-- AddThis Share Buttons generic via filter on the_content -->","protected":false},"excerpt":{"rendered":"<p>Unamos a Oviedo, Gij\u00f3n y Aviles, elevemos ese territorio a 2,200 metros de altura, metamosle 20 millones de habitantes y 3 millones de autos y camiones, rodeeles de monta\u00f1as como una olla, eso es la ciudad de M\u00e9xico. Nac\u00ed y viv\u00ed hasta que 40 a\u00f1os m\u00e1s tarde nacieron mis hijas, y hu\u00ed fuera de mi [&hellip;]<!-- AddThis Advanced Settings generic via filter on get_the_excerpt --><!-- AddThis Share Buttons generic via filter on get_the_excerpt --><\/p>\n","protected":false},"author":16,"featured_media":0,"comment_status":"open","ping_status":"closed","sticky":false,"template":"","format":"standard","meta":[],"categories":[1],"tags":[],"_links":{"self":[{"href":"https:\/\/blogs.elcomercio.es\/reflexiones-de-belarmino\/wp-json\/wp\/v2\/posts\/36676"}],"collection":[{"href":"https:\/\/blogs.elcomercio.es\/reflexiones-de-belarmino\/wp-json\/wp\/v2\/posts"}],"about":[{"href":"https:\/\/blogs.elcomercio.es\/reflexiones-de-belarmino\/wp-json\/wp\/v2\/types\/post"}],"author":[{"embeddable":true,"href":"https:\/\/blogs.elcomercio.es\/reflexiones-de-belarmino\/wp-json\/wp\/v2\/users\/16"}],"replies":[{"embeddable":true,"href":"https:\/\/blogs.elcomercio.es\/reflexiones-de-belarmino\/wp-json\/wp\/v2\/comments?post=36676"}],"version-history":[{"count":2,"href":"https:\/\/blogs.elcomercio.es\/reflexiones-de-belarmino\/wp-json\/wp\/v2\/posts\/36676\/revisions"}],"predecessor-version":[{"id":36678,"href":"https:\/\/blogs.elcomercio.es\/reflexiones-de-belarmino\/wp-json\/wp\/v2\/posts\/36676\/revisions\/36678"}],"wp:attachment":[{"href":"https:\/\/blogs.elcomercio.es\/reflexiones-de-belarmino\/wp-json\/wp\/v2\/media?parent=36676"}],"wp:term":[{"taxonomy":"category","embeddable":true,"href":"https:\/\/blogs.elcomercio.es\/reflexiones-de-belarmino\/wp-json\/wp\/v2\/categories?post=36676"},{"taxonomy":"post_tag","embeddable":true,"href":"https:\/\/blogs.elcomercio.es\/reflexiones-de-belarmino\/wp-json\/wp\/v2\/tags?post=36676"}],"curies":[{"name":"wp","href":"https:\/\/api.w.org\/{rel}","templated":true}]}}