{"id":36725,"date":"2024-05-19T09:39:51","date_gmt":"2024-05-19T07:39:51","guid":{"rendered":"https:\/\/blogs.elcomercio.es\/reflexiones-de-belarmino\/?p=36725"},"modified":"2024-05-19T09:39:51","modified_gmt":"2024-05-19T07:39:51","slug":"leticia-aguanto-y-90-minutos-despues-respondio","status":"publish","type":"post","link":"https:\/\/blogs.elcomercio.es\/reflexiones-de-belarmino\/2024\/05\/19\/leticia-aguanto-y-90-minutos-despues-respondio\/","title":{"rendered":"\u00a1\u00a1\u00a1\u00a1\u00a1\u00a1\u00a1LETICIA AGUANT\u00d3 Y , 90 MINUTOS DESPU\u00c9S, RESPONDI\u00d3 !!!"},"content":{"rendered":"<p><b>Se jugaba en la Romareda, en el Pa\u00eds\u00a0Vasco, la final de la Copa de la Reina. Acompa\u00f1ada de su Jefa de Gabinete, por primera vez una mujer, de la Ministra Pilar Alegria y con los presidentes de ambos clubes, Laporta a distancia con mala cara, la reina Leticia aguant\u00f3 la pitada de las aficiones catalanas . Call\u00f3, medit\u00f3 y dio ordenes. En el campo el Barcelona aplast\u00f3. Al termio Leticia, respondi\u00f3: Saludo una a una a las jugadoras derrotadas , pero, cuando esperaban las catalanes , para sorpresa de ellas, el staff del equipo en la cancha reparti\u00f3 mano a mano a las campeonas, y s\u00f3lo subi\u00f3\u00a0una Alexia Putellas, la lider que no la capitana, a recibir el trofeo. Y\u00a0 Espa\u00f1a sigui\u00f3 adelante.<\/b><\/p>\n<!-- AddThis Advanced Settings generic via filter on the_content --><!-- AddThis Share Buttons generic via filter on the_content -->","protected":false},"excerpt":{"rendered":"<p>Se jugaba en la Romareda, en el Pa\u00eds\u00a0Vasco, la final de la Copa de la Reina. Acompa\u00f1ada de su Jefa de Gabinete, por primera vez una mujer, de la Ministra Pilar Alegria y con los presidentes de ambos clubes, Laporta a distancia con mala cara, la reina Leticia aguant\u00f3 la pitada de las aficiones catalanas [&hellip;]<!-- AddThis Advanced Settings generic via filter on get_the_excerpt --><!-- AddThis Share Buttons generic via filter on get_the_excerpt --><\/p>\n","protected":false},"author":16,"featured_media":0,"comment_status":"open","ping_status":"closed","sticky":false,"template":"","format":"standard","meta":[],"categories":[1],"tags":[],"_links":{"self":[{"href":"https:\/\/blogs.elcomercio.es\/reflexiones-de-belarmino\/wp-json\/wp\/v2\/posts\/36725"}],"collection":[{"href":"https:\/\/blogs.elcomercio.es\/reflexiones-de-belarmino\/wp-json\/wp\/v2\/posts"}],"about":[{"href":"https:\/\/blogs.elcomercio.es\/reflexiones-de-belarmino\/wp-json\/wp\/v2\/types\/post"}],"author":[{"embeddable":true,"href":"https:\/\/blogs.elcomercio.es\/reflexiones-de-belarmino\/wp-json\/wp\/v2\/users\/16"}],"replies":[{"embeddable":true,"href":"https:\/\/blogs.elcomercio.es\/reflexiones-de-belarmino\/wp-json\/wp\/v2\/comments?post=36725"}],"version-history":[{"count":1,"href":"https:\/\/blogs.elcomercio.es\/reflexiones-de-belarmino\/wp-json\/wp\/v2\/posts\/36725\/revisions"}],"predecessor-version":[{"id":36726,"href":"https:\/\/blogs.elcomercio.es\/reflexiones-de-belarmino\/wp-json\/wp\/v2\/posts\/36725\/revisions\/36726"}],"wp:attachment":[{"href":"https:\/\/blogs.elcomercio.es\/reflexiones-de-belarmino\/wp-json\/wp\/v2\/media?parent=36725"}],"wp:term":[{"taxonomy":"category","embeddable":true,"href":"https:\/\/blogs.elcomercio.es\/reflexiones-de-belarmino\/wp-json\/wp\/v2\/categories?post=36725"},{"taxonomy":"post_tag","embeddable":true,"href":"https:\/\/blogs.elcomercio.es\/reflexiones-de-belarmino\/wp-json\/wp\/v2\/tags?post=36725"}],"curies":[{"name":"wp","href":"https:\/\/api.w.org\/{rel}","templated":true}]}}