{"id":36727,"date":"2024-05-19T09:57:03","date_gmt":"2024-05-19T07:57:03","guid":{"rendered":"https:\/\/blogs.elcomercio.es\/reflexiones-de-belarmino\/?p=36727"},"modified":"2024-05-19T09:57:03","modified_gmt":"2024-05-19T07:57:03","slug":"el-hijo-de-aznar-empresario-distinguido-entre-los-miembros-del-ibex-y-milei","status":"publish","type":"post","link":"https:\/\/blogs.elcomercio.es\/reflexiones-de-belarmino\/2024\/05\/19\/el-hijo-de-aznar-empresario-distinguido-entre-los-miembros-del-ibex-y-milei\/","title":{"rendered":"\u00a1\u00a1\u00a1\u00a1\u00a1EL HIJO DE AZNAR, &#8220;EMPRESARIO DISTINGUIDO&#8221; ENTRE LOS MIEMBROS DEL IBEX Y MILEI !!!"},"content":{"rendered":"<p><b>Alg\u00fan d\u00eda se conocer\u00e1\u00a0 el verdadero papel de Aznar, pe\u00f3n de los poderes facticos, en estos \u00faltimos a\u00f1os.No fue\u00a0casualidad\u00a0 como surgi\u00f3\u00a0VOX, aquel acto en Vista Alegre ya con el dinero y a asesor\u00eda\u00a0de Steve Bannon,ni lo fue\u00a0la boda de la hija\u00a0 en Toledo donde estaban todos los corruptos de aquella en\u00e9sima\u00a0trama del PP, ni lo fue\u00a0que ayer, tras la negativa de Bruselas, la Internacional Ultraderechista se celebrase, con un MIlei euf\u00f3rico abrazado con Abascal. Si alguien ten\u00eda duda, ayer en la embajada de Argentina, donde asist\u00edan los magnates del Ibex, apareciese el &#8220;gran empresario&#8221; en segunda\u00a0fila: EL HIJO DE AZNAR.<\/b><\/p>\n<!-- AddThis Advanced Settings generic via filter on the_content --><!-- AddThis Share Buttons generic via filter on the_content -->","protected":false},"excerpt":{"rendered":"<p>Alg\u00fan d\u00eda se conocer\u00e1\u00a0 el verdadero papel de Aznar, pe\u00f3n de los poderes facticos, en estos \u00faltimos a\u00f1os.No fue\u00a0casualidad\u00a0 como surgi\u00f3\u00a0VOX, aquel acto en Vista Alegre ya con el dinero y a asesor\u00eda\u00a0de Steve Bannon,ni lo fue\u00a0la boda de la hija\u00a0 en Toledo donde estaban todos los corruptos de aquella en\u00e9sima\u00a0trama del PP, ni lo [&hellip;]<!-- AddThis Advanced Settings generic via filter on get_the_excerpt --><!-- AddThis Share Buttons generic via filter on get_the_excerpt --><\/p>\n","protected":false},"author":16,"featured_media":0,"comment_status":"open","ping_status":"closed","sticky":false,"template":"","format":"standard","meta":[],"categories":[1],"tags":[],"_links":{"self":[{"href":"https:\/\/blogs.elcomercio.es\/reflexiones-de-belarmino\/wp-json\/wp\/v2\/posts\/36727"}],"collection":[{"href":"https:\/\/blogs.elcomercio.es\/reflexiones-de-belarmino\/wp-json\/wp\/v2\/posts"}],"about":[{"href":"https:\/\/blogs.elcomercio.es\/reflexiones-de-belarmino\/wp-json\/wp\/v2\/types\/post"}],"author":[{"embeddable":true,"href":"https:\/\/blogs.elcomercio.es\/reflexiones-de-belarmino\/wp-json\/wp\/v2\/users\/16"}],"replies":[{"embeddable":true,"href":"https:\/\/blogs.elcomercio.es\/reflexiones-de-belarmino\/wp-json\/wp\/v2\/comments?post=36727"}],"version-history":[{"count":1,"href":"https:\/\/blogs.elcomercio.es\/reflexiones-de-belarmino\/wp-json\/wp\/v2\/posts\/36727\/revisions"}],"predecessor-version":[{"id":36728,"href":"https:\/\/blogs.elcomercio.es\/reflexiones-de-belarmino\/wp-json\/wp\/v2\/posts\/36727\/revisions\/36728"}],"wp:attachment":[{"href":"https:\/\/blogs.elcomercio.es\/reflexiones-de-belarmino\/wp-json\/wp\/v2\/media?parent=36727"}],"wp:term":[{"taxonomy":"category","embeddable":true,"href":"https:\/\/blogs.elcomercio.es\/reflexiones-de-belarmino\/wp-json\/wp\/v2\/categories?post=36727"},{"taxonomy":"post_tag","embeddable":true,"href":"https:\/\/blogs.elcomercio.es\/reflexiones-de-belarmino\/wp-json\/wp\/v2\/tags?post=36727"}],"curies":[{"name":"wp","href":"https:\/\/api.w.org\/{rel}","templated":true}]}}