{"id":36756,"date":"2024-05-20T10:09:43","date_gmt":"2024-05-20T08:09:43","guid":{"rendered":"https:\/\/blogs.elcomercio.es\/reflexiones-de-belarmino\/?p=36756"},"modified":"2024-05-20T10:09:43","modified_gmt":"2024-05-20T08:09:43","slug":"termino-el-concierto-de-rock-gritaron-se-desahogaron-y-ahora-viene-la-realidad-millei-sera-echado-por-los-argentinos-y-la-extrema-derecha-europea-sera-derrrotada","status":"publish","type":"post","link":"https:\/\/blogs.elcomercio.es\/reflexiones-de-belarmino\/2024\/05\/20\/termino-el-concierto-de-rock-gritaron-se-desahogaron-y-ahora-viene-la-realidad-millei-sera-echado-por-los-argentinos-y-la-extrema-derecha-europea-sera-derrrotada\/","title":{"rendered":"\u00a1\u00a1\u00a1\u00a1TERMIN\u00d3 EL CONCIERTO DE ROCK ,GRITARON, SE DESAHOGARON Y AHORA VIENE LA REALIDAD. MILLEI SER\u00c1 ECHADO POR LOS ARGENTINOS Y LA EXTREMA DERECHA EUROPEA SER\u00c1 DERRROTADA !!!"},"content":{"rendered":"<p><b>Bien, como\u00a0 aspirantes\u00a0a rockeros, ante 11,000 personas con boleto y 300 que entraron\u00a0gratis, ayer se desahogaron a gusto, los que se llaman la &#8220;ultraderecha mundial&#8221;, que fueron algunos dirigentes de Europa y pocos de Am\u00e9rica Latina,y hoy, la vida sigue igual. El se\u00f1or Milei, regres\u00f3 a Argentina, a enfrentarse de nuevo con el Congreso, los sindicatos, los millones en las calles, los paros y el 300 de inflaci\u00f3n y &lt; 4 de PIB y finalmente, una vez recuperados los argentinos de la \u00e9poca que no supieron lidiar co el peronismo, acabar\u00e1n con este personaje, que como un tango regular, los representa en el mundo.<\/b><\/p>\n<p><strong>Los discursos de ayer, van a unir a todos los partidos europeos cara al 9 de mayo,\u00a0 quienes dar\u00e1n puntual respuesta a lo que escucharon ayer.<\/strong><\/p>\n<p><b>Albares har\u00e1 lo que tenga que hacer y lo est\u00e1 haciendo bien, Sanchez seguir\u00e1 siendo presidente, Feij\u00f3o cuidar\u00e1 que Vox no lo quite votos, y tras las europeas, la amnist\u00eda, y seguir\u00e1 le Legislatura.<\/b><\/p>\n<p><strong>Y la vida sigue.<\/strong><\/p>\n<p>&nbsp;<\/p>\n<p>&nbsp;<\/p>\n<!-- AddThis Advanced Settings generic via filter on the_content --><!-- AddThis Share Buttons generic via filter on the_content -->","protected":false},"excerpt":{"rendered":"<p>Bien, como\u00a0 aspirantes\u00a0a rockeros, ante 11,000 personas con boleto y 300 que entraron\u00a0gratis, ayer se desahogaron a gusto, los que se llaman la &#8220;ultraderecha mundial&#8221;, que fueron algunos dirigentes de Europa y pocos de Am\u00e9rica Latina,y hoy, la vida sigue igual. El se\u00f1or Milei, regres\u00f3 a Argentina, a enfrentarse de nuevo con el Congreso, los [&hellip;]<!-- AddThis Advanced Settings generic via filter on get_the_excerpt --><!-- AddThis Share Buttons generic via filter on get_the_excerpt --><\/p>\n","protected":false},"author":16,"featured_media":0,"comment_status":"open","ping_status":"closed","sticky":false,"template":"","format":"standard","meta":[],"categories":[1],"tags":[],"_links":{"self":[{"href":"https:\/\/blogs.elcomercio.es\/reflexiones-de-belarmino\/wp-json\/wp\/v2\/posts\/36756"}],"collection":[{"href":"https:\/\/blogs.elcomercio.es\/reflexiones-de-belarmino\/wp-json\/wp\/v2\/posts"}],"about":[{"href":"https:\/\/blogs.elcomercio.es\/reflexiones-de-belarmino\/wp-json\/wp\/v2\/types\/post"}],"author":[{"embeddable":true,"href":"https:\/\/blogs.elcomercio.es\/reflexiones-de-belarmino\/wp-json\/wp\/v2\/users\/16"}],"replies":[{"embeddable":true,"href":"https:\/\/blogs.elcomercio.es\/reflexiones-de-belarmino\/wp-json\/wp\/v2\/comments?post=36756"}],"version-history":[{"count":1,"href":"https:\/\/blogs.elcomercio.es\/reflexiones-de-belarmino\/wp-json\/wp\/v2\/posts\/36756\/revisions"}],"predecessor-version":[{"id":36757,"href":"https:\/\/blogs.elcomercio.es\/reflexiones-de-belarmino\/wp-json\/wp\/v2\/posts\/36756\/revisions\/36757"}],"wp:attachment":[{"href":"https:\/\/blogs.elcomercio.es\/reflexiones-de-belarmino\/wp-json\/wp\/v2\/media?parent=36756"}],"wp:term":[{"taxonomy":"category","embeddable":true,"href":"https:\/\/blogs.elcomercio.es\/reflexiones-de-belarmino\/wp-json\/wp\/v2\/categories?post=36756"},{"taxonomy":"post_tag","embeddable":true,"href":"https:\/\/blogs.elcomercio.es\/reflexiones-de-belarmino\/wp-json\/wp\/v2\/tags?post=36756"}],"curies":[{"name":"wp","href":"https:\/\/api.w.org\/{rel}","templated":true}]}}