{"id":36758,"date":"2024-05-20T10:30:30","date_gmt":"2024-05-20T08:30:30","guid":{"rendered":"https:\/\/blogs.elcomercio.es\/reflexiones-de-belarmino\/?p=36758"},"modified":"2024-05-20T10:30:30","modified_gmt":"2024-05-20T08:30:30","slug":"los-tres-aspirantes-a-la-presidencia-en-su-ultimo-debate-coincidieron-en-reformar-el-poder-judicial-y-en-la-corrupcion-imperante","status":"publish","type":"post","link":"https:\/\/blogs.elcomercio.es\/reflexiones-de-belarmino\/2024\/05\/20\/los-tres-aspirantes-a-la-presidencia-en-su-ultimo-debate-coincidieron-en-reformar-el-poder-judicial-y-en-la-corrupcion-imperante\/","title":{"rendered":"\u00a1\u00a1\u00a1LOS TRES ASPIRANTES A LA PRESIDENCIA, EN SU ULTIMO DEBATE, COINCIDIERON EN REFORMAR EL PODER JUDICIAL Y EN LA CORRUPCI\u00d3N IMPERANTE !!!"},"content":{"rendered":"<p><b>Tras toda la informaci\u00f3n\u00a0d\u00eda a d\u00eda, del papel del Poder Judicial, ap\u00e9ndice\u00a0del Ejecutivo durante 40 a\u00f1os, de la podredumbre de los Magistrados y jueces, ayer, sorprendentemente, los tres aspirantes a la presidencia coincidieron en REFORMAR EL PODER JUDICIAL EN MEXICO.\u00a0Fue en en la Universidad\u00a0de Tlatelolco en el tercero y \u00faltimo de los debates presidenciales.<\/b><\/p>\n<p><strong>La debilidad de Xochitl(PRI-PAN-PRD) y ahora la unanimidad para reformar el Poder judicial y\u00a0 combatir\u00a0 todos la corrupci\u00f3n, se\u00f1alada d\u00eda a d\u00eda en las Ma\u00f1aneras con nombres y apellidos, complica el futuro a la oposici\u00f3n.<\/strong><\/p>\n<p><strong>Ayer en el Z\u00f3calo 80,000 personas, apenas llegaron al Z\u00f3calo en la Marcha Rosa, 300 en Acapulco y as\u00ed en el pa\u00eds.Y ah\u00ed termin\u00f3 su campa\u00f1a.<\/strong><\/p>\n<p><b>Jorge Avarez Maynez, ha resistido los &#8220;ca\u00f1onazos&#8221; de los Claudio X. Gonzalez, ex presidentes para que se retirase. Es el candidato\u00a0del Movimiento Ciudadano.<\/b><\/p>\n<!-- AddThis Advanced Settings generic via filter on the_content --><!-- AddThis Share Buttons generic via filter on the_content -->","protected":false},"excerpt":{"rendered":"<p>Tras toda la informaci\u00f3n\u00a0d\u00eda a d\u00eda, del papel del Poder Judicial, ap\u00e9ndice\u00a0del Ejecutivo durante 40 a\u00f1os, de la podredumbre de los Magistrados y jueces, ayer, sorprendentemente, los tres aspirantes a la presidencia coincidieron en REFORMAR EL PODER JUDICIAL EN MEXICO.\u00a0Fue en en la Universidad\u00a0de Tlatelolco en el tercero y \u00faltimo de los debates presidenciales. La [&hellip;]<!-- AddThis Advanced Settings generic via filter on get_the_excerpt --><!-- AddThis Share Buttons generic via filter on get_the_excerpt --><\/p>\n","protected":false},"author":16,"featured_media":0,"comment_status":"open","ping_status":"closed","sticky":false,"template":"","format":"standard","meta":[],"categories":[1],"tags":[],"_links":{"self":[{"href":"https:\/\/blogs.elcomercio.es\/reflexiones-de-belarmino\/wp-json\/wp\/v2\/posts\/36758"}],"collection":[{"href":"https:\/\/blogs.elcomercio.es\/reflexiones-de-belarmino\/wp-json\/wp\/v2\/posts"}],"about":[{"href":"https:\/\/blogs.elcomercio.es\/reflexiones-de-belarmino\/wp-json\/wp\/v2\/types\/post"}],"author":[{"embeddable":true,"href":"https:\/\/blogs.elcomercio.es\/reflexiones-de-belarmino\/wp-json\/wp\/v2\/users\/16"}],"replies":[{"embeddable":true,"href":"https:\/\/blogs.elcomercio.es\/reflexiones-de-belarmino\/wp-json\/wp\/v2\/comments?post=36758"}],"version-history":[{"count":1,"href":"https:\/\/blogs.elcomercio.es\/reflexiones-de-belarmino\/wp-json\/wp\/v2\/posts\/36758\/revisions"}],"predecessor-version":[{"id":36759,"href":"https:\/\/blogs.elcomercio.es\/reflexiones-de-belarmino\/wp-json\/wp\/v2\/posts\/36758\/revisions\/36759"}],"wp:attachment":[{"href":"https:\/\/blogs.elcomercio.es\/reflexiones-de-belarmino\/wp-json\/wp\/v2\/media?parent=36758"}],"wp:term":[{"taxonomy":"category","embeddable":true,"href":"https:\/\/blogs.elcomercio.es\/reflexiones-de-belarmino\/wp-json\/wp\/v2\/categories?post=36758"},{"taxonomy":"post_tag","embeddable":true,"href":"https:\/\/blogs.elcomercio.es\/reflexiones-de-belarmino\/wp-json\/wp\/v2\/tags?post=36758"}],"curies":[{"name":"wp","href":"https:\/\/api.w.org\/{rel}","templated":true}]}}