{"id":36760,"date":"2024-05-20T10:41:05","date_gmt":"2024-05-20T08:41:05","guid":{"rendered":"https:\/\/blogs.elcomercio.es\/reflexiones-de-belarmino\/?p=36760"},"modified":"2024-05-20T10:41:05","modified_gmt":"2024-05-20T08:41:05","slug":"finalmente-encontraron-el-helicoptero-sin-signos-de-vida-en-iran-se-abre-investigacion","status":"publish","type":"post","link":"https:\/\/blogs.elcomercio.es\/reflexiones-de-belarmino\/2024\/05\/20\/finalmente-encontraron-el-helicoptero-sin-signos-de-vida-en-iran-se-abre-investigacion\/","title":{"rendered":"\u00a1\u00a1\u00a1\u00a1\u00a1FINALMENTE ENCONTRARON EL HELIC\u00d3PTERO, SIN SIGNOS DE VIDA EN IRAN. SE ABRE INVESTIGACI\u00d3N !!!"},"content":{"rendered":"<p><b>Llegaron, en cuento sali\u00f3 el sol los equipos de rescate, y se encontraron\u00a0 el helic\u00f3ptero\u00a0sin signos de vida, lo que significa que el presidente de Ir\u00e1n ha fallecido. Extra\u00f1o accidente, luego que los otros dos helic\u00f3pteros\u00a0llegaron bien. SE abre la investigaci\u00f3n, mientras el L\u00edder\u00a0Supremo, Al Jamanei llamaba a la calma en el pa\u00eds.<\/b><\/p>\n<!-- AddThis Advanced Settings generic via filter on the_content --><!-- AddThis Share Buttons generic via filter on the_content -->","protected":false},"excerpt":{"rendered":"<p>Llegaron, en cuento sali\u00f3 el sol los equipos de rescate, y se encontraron\u00a0 el helic\u00f3ptero\u00a0sin signos de vida, lo que significa que el presidente de Ir\u00e1n ha fallecido. Extra\u00f1o accidente, luego que los otros dos helic\u00f3pteros\u00a0llegaron bien. SE abre la investigaci\u00f3n, mientras el L\u00edder\u00a0Supremo, Al Jamanei llamaba a la calma en el pa\u00eds.<!-- AddThis Advanced Settings generic via filter on get_the_excerpt --><!-- AddThis Share Buttons generic via filter on get_the_excerpt --><\/p>\n","protected":false},"author":16,"featured_media":0,"comment_status":"open","ping_status":"closed","sticky":false,"template":"","format":"standard","meta":[],"categories":[1],"tags":[],"_links":{"self":[{"href":"https:\/\/blogs.elcomercio.es\/reflexiones-de-belarmino\/wp-json\/wp\/v2\/posts\/36760"}],"collection":[{"href":"https:\/\/blogs.elcomercio.es\/reflexiones-de-belarmino\/wp-json\/wp\/v2\/posts"}],"about":[{"href":"https:\/\/blogs.elcomercio.es\/reflexiones-de-belarmino\/wp-json\/wp\/v2\/types\/post"}],"author":[{"embeddable":true,"href":"https:\/\/blogs.elcomercio.es\/reflexiones-de-belarmino\/wp-json\/wp\/v2\/users\/16"}],"replies":[{"embeddable":true,"href":"https:\/\/blogs.elcomercio.es\/reflexiones-de-belarmino\/wp-json\/wp\/v2\/comments?post=36760"}],"version-history":[{"count":1,"href":"https:\/\/blogs.elcomercio.es\/reflexiones-de-belarmino\/wp-json\/wp\/v2\/posts\/36760\/revisions"}],"predecessor-version":[{"id":36761,"href":"https:\/\/blogs.elcomercio.es\/reflexiones-de-belarmino\/wp-json\/wp\/v2\/posts\/36760\/revisions\/36761"}],"wp:attachment":[{"href":"https:\/\/blogs.elcomercio.es\/reflexiones-de-belarmino\/wp-json\/wp\/v2\/media?parent=36760"}],"wp:term":[{"taxonomy":"category","embeddable":true,"href":"https:\/\/blogs.elcomercio.es\/reflexiones-de-belarmino\/wp-json\/wp\/v2\/categories?post=36760"},{"taxonomy":"post_tag","embeddable":true,"href":"https:\/\/blogs.elcomercio.es\/reflexiones-de-belarmino\/wp-json\/wp\/v2\/tags?post=36760"}],"curies":[{"name":"wp","href":"https:\/\/api.w.org\/{rel}","templated":true}]}}