{"id":36782,"date":"2024-05-21T10:00:42","date_gmt":"2024-05-21T08:00:42","guid":{"rendered":"https:\/\/blogs.elcomercio.es\/reflexiones-de-belarmino\/?p=36782"},"modified":"2024-05-21T10:00:42","modified_gmt":"2024-05-21T08:00:42","slug":"militares-izan-la-bandera-se-retiran-y-en-el-zocalo-vallas-de-por-medio-opositores-y-maestros-mientras-12-9-millones-escuchan-el-debate-55-mujeres-totalmente-en-paz","status":"publish","type":"post","link":"https:\/\/blogs.elcomercio.es\/reflexiones-de-belarmino\/2024\/05\/21\/militares-izan-la-bandera-se-retiran-y-en-el-zocalo-vallas-de-por-medio-opositores-y-maestros-mientras-12-9-millones-escuchan-el-debate-55-mujeres-totalmente-en-paz\/","title":{"rendered":"\u00a1\u00a1\u00a1MILITARES IZAN LA BANDERA, SE RETIRAN, Y EN EL Z\u00d3CALO , VALLAS DE POR MEDIO, OPOSITORES Y, MAESTROS .MIENTRAS 12.9 MILLONES ESCUCHAN EL DEBATE 55 % MUJERES , TOTALMENTE EN PAZ !!!"},"content":{"rendered":"<p><strong>As\u00ed, en paz, con un pueblo que sabe bien que pasa en el pa\u00eds, transcurri\u00f3 el domingo a dos semanas de las elecciones presidenciales. En el Z\u00f3calo, a las 7, el ejercito iz\u00f3 la bandera monumental, se retir\u00f3 y luego compartieron en esa enorme superficie divididos con unas vallas, , la mitad con la Marcha Rosa de la oposici\u00f3n de Xochitl,y al frente Claudio X. Gonz\u00e1lez,\u00a0 y la otra con un plant\u00f3n de maestros que piden aumento de sueldos. En todo el pa\u00eds hizo peque\u00f1as marchas de fin de campa\u00f1a de Xochitl, como los 300 en Acapulco.<\/strong><\/p>\n<p><strong>En la noche en el tercer debate para las elecciones del d\u00eda 2 de junio, 12.9 millones lo vieron por televisi\u00f3n, de ellos el 55 %, mujeres.<\/strong><\/p>\n<p><b>El presidente puso en valor la madurez democr\u00e1tica\u00a0 del pa\u00eds.<\/b><\/p>\n<p><strong>El domingo 2, tranquilamente, en paz, ejerciendo la democracia, fundamental en un pueblo,\u00a0 98 millones de mexicanos est\u00e1n llamados a votar para elegir al presidente o presidenta del pa\u00eds para 6 a\u00f1os, los 500 miembros de la C\u00e1mara de Diputados, los 128 senadores, 8 gobernadores y todos los congresos locales de los 32 estados.<\/strong><\/p>\n<p>&nbsp;<\/p>\n<!-- AddThis Advanced Settings generic via filter on the_content --><!-- AddThis Share Buttons generic via filter on the_content -->","protected":false},"excerpt":{"rendered":"<p>As\u00ed, en paz, con un pueblo que sabe bien que pasa en el pa\u00eds, transcurri\u00f3 el domingo a dos semanas de las elecciones presidenciales. En el Z\u00f3calo, a las 7, el ejercito iz\u00f3 la bandera monumental, se retir\u00f3 y luego compartieron en esa enorme superficie divididos con unas vallas, , la mitad con la Marcha [&hellip;]<!-- AddThis Advanced Settings generic via filter on get_the_excerpt --><!-- AddThis Share Buttons generic via filter on get_the_excerpt --><\/p>\n","protected":false},"author":16,"featured_media":0,"comment_status":"open","ping_status":"closed","sticky":false,"template":"","format":"standard","meta":[],"categories":[1],"tags":[],"_links":{"self":[{"href":"https:\/\/blogs.elcomercio.es\/reflexiones-de-belarmino\/wp-json\/wp\/v2\/posts\/36782"}],"collection":[{"href":"https:\/\/blogs.elcomercio.es\/reflexiones-de-belarmino\/wp-json\/wp\/v2\/posts"}],"about":[{"href":"https:\/\/blogs.elcomercio.es\/reflexiones-de-belarmino\/wp-json\/wp\/v2\/types\/post"}],"author":[{"embeddable":true,"href":"https:\/\/blogs.elcomercio.es\/reflexiones-de-belarmino\/wp-json\/wp\/v2\/users\/16"}],"replies":[{"embeddable":true,"href":"https:\/\/blogs.elcomercio.es\/reflexiones-de-belarmino\/wp-json\/wp\/v2\/comments?post=36782"}],"version-history":[{"count":5,"href":"https:\/\/blogs.elcomercio.es\/reflexiones-de-belarmino\/wp-json\/wp\/v2\/posts\/36782\/revisions"}],"predecessor-version":[{"id":36787,"href":"https:\/\/blogs.elcomercio.es\/reflexiones-de-belarmino\/wp-json\/wp\/v2\/posts\/36782\/revisions\/36787"}],"wp:attachment":[{"href":"https:\/\/blogs.elcomercio.es\/reflexiones-de-belarmino\/wp-json\/wp\/v2\/media?parent=36782"}],"wp:term":[{"taxonomy":"category","embeddable":true,"href":"https:\/\/blogs.elcomercio.es\/reflexiones-de-belarmino\/wp-json\/wp\/v2\/categories?post=36782"},{"taxonomy":"post_tag","embeddable":true,"href":"https:\/\/blogs.elcomercio.es\/reflexiones-de-belarmino\/wp-json\/wp\/v2\/tags?post=36782"}],"curies":[{"name":"wp","href":"https:\/\/api.w.org\/{rel}","templated":true}]}}