{"id":36907,"date":"2024-05-26T10:02:38","date_gmt":"2024-05-26T08:02:38","guid":{"rendered":"https:\/\/blogs.elcomercio.es\/reflexiones-de-belarmino\/?p=36907"},"modified":"2024-05-26T10:02:59","modified_gmt":"2024-05-26T08:02:59","slug":"triste-dia-para-a-milei-sin-sacar-adelante-el-macrodereto-ayer-25-de-mayo-aniversario-independencia-es-acusado-de-usar-fondos-publicos-para-viaje-a-espana","status":"publish","type":"post","link":"https:\/\/blogs.elcomercio.es\/reflexiones-de-belarmino\/2024\/05\/26\/triste-dia-para-a-milei-sin-sacar-adelante-el-macrodereto-ayer-25-de-mayo-aniversario-independencia-es-acusado-de-usar-fondos-publicos-para-viaje-a-espana\/","title":{"rendered":"\u00a1\u00a1TRISTE D\u00cdA PARA A MILEI. SIN SACAR ADELANTE EL MACRODERETO, AYER 25 DE MAYO, ANIVERSARIO INDEPENDENCIA, ES ACUSADO DE USAR FONDOS P\u00daBLICOS PARA VIAJE A ESPA\u00d1A !!!"},"content":{"rendered":"<p><b>Sin cumplir sus expectativas, en medio del descontento popular, el presidente MIlei de Argentina, ayer d\u00eda del aniversario de la Independencia de Espa\u00f1a, ni pudo sacar su Macrodecreto que hab\u00eda prometida, y adem\u00e1s fue acusado por tres diputados por hacer uso de fondos p\u00fablicos a actos privados en 6 meses, entre ellos en el de VOX. Terminar\u00e1 mal.\u00a0<\/b><\/p>\n<!-- AddThis Advanced Settings generic via filter on the_content --><!-- AddThis Share Buttons generic via filter on the_content -->","protected":false},"excerpt":{"rendered":"<p>Sin cumplir sus expectativas, en medio del descontento popular, el presidente MIlei de Argentina, ayer d\u00eda del aniversario de la Independencia de Espa\u00f1a, ni pudo sacar su Macrodecreto que hab\u00eda prometida, y adem\u00e1s fue acusado por tres diputados por hacer uso de fondos p\u00fablicos a actos privados en 6 meses, entre ellos en el de [&hellip;]<!-- AddThis Advanced Settings generic via filter on get_the_excerpt --><!-- AddThis Share Buttons generic via filter on get_the_excerpt --><\/p>\n","protected":false},"author":16,"featured_media":0,"comment_status":"open","ping_status":"closed","sticky":false,"template":"","format":"standard","meta":[],"categories":[1],"tags":[],"_links":{"self":[{"href":"https:\/\/blogs.elcomercio.es\/reflexiones-de-belarmino\/wp-json\/wp\/v2\/posts\/36907"}],"collection":[{"href":"https:\/\/blogs.elcomercio.es\/reflexiones-de-belarmino\/wp-json\/wp\/v2\/posts"}],"about":[{"href":"https:\/\/blogs.elcomercio.es\/reflexiones-de-belarmino\/wp-json\/wp\/v2\/types\/post"}],"author":[{"embeddable":true,"href":"https:\/\/blogs.elcomercio.es\/reflexiones-de-belarmino\/wp-json\/wp\/v2\/users\/16"}],"replies":[{"embeddable":true,"href":"https:\/\/blogs.elcomercio.es\/reflexiones-de-belarmino\/wp-json\/wp\/v2\/comments?post=36907"}],"version-history":[{"count":2,"href":"https:\/\/blogs.elcomercio.es\/reflexiones-de-belarmino\/wp-json\/wp\/v2\/posts\/36907\/revisions"}],"predecessor-version":[{"id":36909,"href":"https:\/\/blogs.elcomercio.es\/reflexiones-de-belarmino\/wp-json\/wp\/v2\/posts\/36907\/revisions\/36909"}],"wp:attachment":[{"href":"https:\/\/blogs.elcomercio.es\/reflexiones-de-belarmino\/wp-json\/wp\/v2\/media?parent=36907"}],"wp:term":[{"taxonomy":"category","embeddable":true,"href":"https:\/\/blogs.elcomercio.es\/reflexiones-de-belarmino\/wp-json\/wp\/v2\/categories?post=36907"},{"taxonomy":"post_tag","embeddable":true,"href":"https:\/\/blogs.elcomercio.es\/reflexiones-de-belarmino\/wp-json\/wp\/v2\/tags?post=36907"}],"curies":[{"name":"wp","href":"https:\/\/api.w.org\/{rel}","templated":true}]}}