{"id":37064,"date":"2024-05-31T15:51:10","date_gmt":"2024-05-31T13:51:10","guid":{"rendered":"https:\/\/blogs.elcomercio.es\/reflexiones-de-belarmino\/?p=37064"},"modified":"2024-05-31T15:51:10","modified_gmt":"2024-05-31T13:51:10","slug":"el-ataque-a-rafah-es-comparable-al-desembarco-de-normandia-netanyahu-aunque-usted-no-lo-crea","status":"publish","type":"post","link":"https:\/\/blogs.elcomercio.es\/reflexiones-de-belarmino\/2024\/05\/31\/el-ataque-a-rafah-es-comparable-al-desembarco-de-normandia-netanyahu-aunque-usted-no-lo-crea\/","title":{"rendered":"\u00a1\u00a1\u00a1\u00a1\u00a1&#8221; EL ATAQUE A RAF\u00c1H, ES COMPARABLE AL DESEMBARCO DE NORMAND\u00cdA&#8221;: NETANYAHU, .-AUNQUE USTED NO LO CREA !!!!!"},"content":{"rendered":"<p><b>En medio del descontento mundial, de la resoluci\u00f3n de la CPJ, de la ONU, de los 150 paises, de los llamados de China, lo \u00fanico que se le ocurri\u00f3\u00a0pensar hoy a Benjam\u00edn Netanyahu, es que EL ATAQUE A RAF\u00c1H ES SIMILAR AL DESEMBARCO DE NORMAND\u00cdA EN LA SEGUNDA GUERRA MUNDIAL.<\/b><\/p>\n<p><b>Creo que no hay frase m\u00e1s clara de la des conexi\u00f3n\u00a0de la realidad que tiene Israel y Netanyahu, que estas palabras.<\/b><\/p>\n<p><strong>Ah\u00ed se lo dejamos&#8230;..<\/strong><\/p>\n<p>&nbsp;<\/p>\n<p>&nbsp;<\/p>\n<!-- AddThis Advanced Settings generic via filter on the_content --><!-- AddThis Share Buttons generic via filter on the_content -->","protected":false},"excerpt":{"rendered":"<p>En medio del descontento mundial, de la resoluci\u00f3n de la CPJ, de la ONU, de los 150 paises, de los llamados de China, lo \u00fanico que se le ocurri\u00f3\u00a0pensar hoy a Benjam\u00edn Netanyahu, es que EL ATAQUE A RAF\u00c1H ES SIMILAR AL DESEMBARCO DE NORMAND\u00cdA EN LA SEGUNDA GUERRA MUNDIAL. Creo que no hay frase [&hellip;]<!-- AddThis Advanced Settings generic via filter on get_the_excerpt --><!-- AddThis Share Buttons generic via filter on get_the_excerpt --><\/p>\n","protected":false},"author":16,"featured_media":0,"comment_status":"open","ping_status":"closed","sticky":false,"template":"","format":"standard","meta":[],"categories":[1],"tags":[],"_links":{"self":[{"href":"https:\/\/blogs.elcomercio.es\/reflexiones-de-belarmino\/wp-json\/wp\/v2\/posts\/37064"}],"collection":[{"href":"https:\/\/blogs.elcomercio.es\/reflexiones-de-belarmino\/wp-json\/wp\/v2\/posts"}],"about":[{"href":"https:\/\/blogs.elcomercio.es\/reflexiones-de-belarmino\/wp-json\/wp\/v2\/types\/post"}],"author":[{"embeddable":true,"href":"https:\/\/blogs.elcomercio.es\/reflexiones-de-belarmino\/wp-json\/wp\/v2\/users\/16"}],"replies":[{"embeddable":true,"href":"https:\/\/blogs.elcomercio.es\/reflexiones-de-belarmino\/wp-json\/wp\/v2\/comments?post=37064"}],"version-history":[{"count":2,"href":"https:\/\/blogs.elcomercio.es\/reflexiones-de-belarmino\/wp-json\/wp\/v2\/posts\/37064\/revisions"}],"predecessor-version":[{"id":37066,"href":"https:\/\/blogs.elcomercio.es\/reflexiones-de-belarmino\/wp-json\/wp\/v2\/posts\/37064\/revisions\/37066"}],"wp:attachment":[{"href":"https:\/\/blogs.elcomercio.es\/reflexiones-de-belarmino\/wp-json\/wp\/v2\/media?parent=37064"}],"wp:term":[{"taxonomy":"category","embeddable":true,"href":"https:\/\/blogs.elcomercio.es\/reflexiones-de-belarmino\/wp-json\/wp\/v2\/categories?post=37064"},{"taxonomy":"post_tag","embeddable":true,"href":"https:\/\/blogs.elcomercio.es\/reflexiones-de-belarmino\/wp-json\/wp\/v2\/tags?post=37064"}],"curies":[{"name":"wp","href":"https:\/\/api.w.org\/{rel}","templated":true}]}}