{"id":37264,"date":"2024-06-10T11:18:24","date_gmt":"2024-06-10T09:18:24","guid":{"rendered":"https:\/\/blogs.elcomercio.es\/reflexiones-de-belarmino\/?p=37264"},"modified":"2024-06-10T11:18:24","modified_gmt":"2024-06-10T09:18:24","slug":"la-derrota-en-mexico-de-los-salvadores-de-asturias-al-final-desploman-al-sporting-y-el-oviedo","status":"publish","type":"post","link":"https:\/\/blogs.elcomercio.es\/reflexiones-de-belarmino\/2024\/06\/10\/la-derrota-en-mexico-de-los-salvadores-de-asturias-al-final-desploman-al-sporting-y-el-oviedo\/","title":{"rendered":"\u00a1\u00a1\u00a1\u00a1\u00a1LA DERROTA EN MEXICO DE LOS &#8220;SALVADORES DE ASTURIAS&#8221;, AL FINAL DESPLOMAN AL SPORTING Y EL OVIEDO !!!"},"content":{"rendered":"<p><b>La Cuarta Transformaci\u00f3n en M\u00e9xico,\u00a0 cambi\u00f3 al pais de ra\u00edz, elev\u00f3 el poder del pueblo\u00a0mayoritario, hizo fracasar hasta un 25 % el total de los antiguos partidos empleados de las \u00e9lites y esos buscaron, y ahora m\u00e1s, el camino de Espa\u00f1a para su exilio\u00a0 dorado. Anticip\u00e1ndose el Grupo Orlegi y el de Mart\u00ednez en Pachuca se lanzaron en pos de su futuro, que se les iba a negar en M\u00e9xico. Y encontraron a Asturias. Como nuevos reconquistadores aparecieron con espejitos, los asturianos nos vimos novatos y confiamos su futuro a aquellos prohombres.<\/b><\/p>\n<p><b>Periodistas iban a Guadalajara y a Pachuca, fotos reportajes, estancias de lujo para ellos, y de pronto, Asturias se lleno de ellos. Con sus familias ven\u00edan y eran recibidos como h\u00e9roes\u00a0hasta con Victor Manuel en el Molin\u00f3n con su &#8220;Asturias si yo pudiera&#8221; de Pedro Garf\u00edas, que asust\u00f3 y luego lo cambiaron por el &#8220;Asturias Patria Querida&#8221;.<\/b><\/p>\n<p><b>El gran negocio estaba a la vista: La subsede con el proyecto\u00a0urbanistico que les permitir\u00eda hacer una fortuna, pero la terca realidad siempre sale a la luz. Perdidos entre\u00a0aquella minor\u00eda mexicana rechazada por el pueblo mexicano, en Asturias, ni lograron la subsede, ni siquiera ascender(ojal\u00e1, faltan 3 partidos), por que al definirse\u00a0en Eibar y en Barcelona, con resultados malos en casa, sobre\u00a0todo la derrrota ayer del Sporting.<\/b><\/p>\n<p><strong>Orlegi, &#8220;por problemas de agenda&#8221; ni vino ya ayer. Su proyecto en M\u00e9xico y su salida hacia Asturias se desmoronaban.<\/strong><\/p>\n<p>&nbsp;<\/p>\n<!-- AddThis Advanced Settings generic via filter on the_content --><!-- AddThis Share Buttons generic via filter on the_content -->","protected":false},"excerpt":{"rendered":"<p>La Cuarta Transformaci\u00f3n en M\u00e9xico,\u00a0 cambi\u00f3 al pais de ra\u00edz, elev\u00f3 el poder del pueblo\u00a0mayoritario, hizo fracasar hasta un 25 % el total de los antiguos partidos empleados de las \u00e9lites y esos buscaron, y ahora m\u00e1s, el camino de Espa\u00f1a para su exilio\u00a0 dorado. Anticip\u00e1ndose el Grupo Orlegi y el de Mart\u00ednez en Pachuca [&hellip;]<!-- AddThis Advanced Settings generic via filter on get_the_excerpt --><!-- AddThis Share Buttons generic via filter on get_the_excerpt --><\/p>\n","protected":false},"author":16,"featured_media":0,"comment_status":"open","ping_status":"closed","sticky":false,"template":"","format":"standard","meta":[],"categories":[1],"tags":[],"_links":{"self":[{"href":"https:\/\/blogs.elcomercio.es\/reflexiones-de-belarmino\/wp-json\/wp\/v2\/posts\/37264"}],"collection":[{"href":"https:\/\/blogs.elcomercio.es\/reflexiones-de-belarmino\/wp-json\/wp\/v2\/posts"}],"about":[{"href":"https:\/\/blogs.elcomercio.es\/reflexiones-de-belarmino\/wp-json\/wp\/v2\/types\/post"}],"author":[{"embeddable":true,"href":"https:\/\/blogs.elcomercio.es\/reflexiones-de-belarmino\/wp-json\/wp\/v2\/users\/16"}],"replies":[{"embeddable":true,"href":"https:\/\/blogs.elcomercio.es\/reflexiones-de-belarmino\/wp-json\/wp\/v2\/comments?post=37264"}],"version-history":[{"count":1,"href":"https:\/\/blogs.elcomercio.es\/reflexiones-de-belarmino\/wp-json\/wp\/v2\/posts\/37264\/revisions"}],"predecessor-version":[{"id":37265,"href":"https:\/\/blogs.elcomercio.es\/reflexiones-de-belarmino\/wp-json\/wp\/v2\/posts\/37264\/revisions\/37265"}],"wp:attachment":[{"href":"https:\/\/blogs.elcomercio.es\/reflexiones-de-belarmino\/wp-json\/wp\/v2\/media?parent=37264"}],"wp:term":[{"taxonomy":"category","embeddable":true,"href":"https:\/\/blogs.elcomercio.es\/reflexiones-de-belarmino\/wp-json\/wp\/v2\/categories?post=37264"},{"taxonomy":"post_tag","embeddable":true,"href":"https:\/\/blogs.elcomercio.es\/reflexiones-de-belarmino\/wp-json\/wp\/v2\/tags?post=37264"}],"curies":[{"name":"wp","href":"https:\/\/api.w.org\/{rel}","templated":true}]}}