{"id":37305,"date":"2024-06-12T20:36:26","date_gmt":"2024-06-12T18:36:26","guid":{"rendered":"https:\/\/blogs.elcomercio.es\/reflexiones-de-belarmino\/?p=37305"},"modified":"2024-06-12T20:36:26","modified_gmt":"2024-06-12T18:36:26","slug":"con-la-aprobacion-de-los-bancos-la-informacion-al-pueblo-la-reforma-judicial-es-irreductible-amlo","status":"publish","type":"post","link":"https:\/\/blogs.elcomercio.es\/reflexiones-de-belarmino\/2024\/06\/12\/con-la-aprobacion-de-los-bancos-la-informacion-al-pueblo-la-reforma-judicial-es-irreductible-amlo\/","title":{"rendered":"\u00a1\u00a1\u00a1\u00a1\u00a1CON LA APROBACION DE LOS BANCOS, LA INFORMACI\u00d3N AL PUEBLO, LA REFORMA JUDICIAL ES IRREDUCTIBLE &#8220;:AMLO!!!"},"content":{"rendered":"<p><b>Un gran salto hacia la REFORMA JUDICIAL en septiembre\u00a0La reforma, la unidad de L\u00f3pez Obrador total con Claudia\u00a0Sheinabum, los mecanismos para explicar\u00a0en todo el pa\u00eds\u00a0 del \u00bfpor que? y el \u00bfcomo?, hicieron hoy que los banqueros mexicanos apoyasen la Reforma.Jueces, Magistrados\u00a0y Ministros\u00a0ser\u00e1n elegidos desde abajo. &#8221; Cedillo, los ech\u00f3 a todos&#8221;, dijo L\u00f3pez Obrador. Nosotros no. Todos tienen opciones pero quien los conoce, el pueblo, tendr\u00e1 la \u00faltima palabra.<\/b><\/p>\n<p><b>ESTA REFORMA Y LAS OTRAS 18 VAN en septiembre.<\/b><\/p>\n<p><b> Andr\u00e9s Manuel L\u00f3pez Obrador terminar\u00e1 su presidencia y toda su vida pol\u00edtica\u00a0como el hombre que sin af\u00e1n\u00a0de dinero, y por ideales, dio\u00a0el ejemplo para que el pueblo mexicano se levantase y se hiciese\u00a0LA REVOLUCI\u00d3N\u00a0PACIFICA\u00a1, y con conciencia en paz y realizado como pocos, vivir\u00e1 sus \u00faltimo a\u00f1os en su rancho de Palenque, Chiapas.<\/b><\/p>\n<!-- AddThis Advanced Settings generic via filter on the_content --><!-- AddThis Share Buttons generic via filter on the_content -->","protected":false},"excerpt":{"rendered":"<p>Un gran salto hacia la REFORMA JUDICIAL en septiembre\u00a0La reforma, la unidad de L\u00f3pez Obrador total con Claudia\u00a0Sheinabum, los mecanismos para explicar\u00a0en todo el pa\u00eds\u00a0 del \u00bfpor que? y el \u00bfcomo?, hicieron hoy que los banqueros mexicanos apoyasen la Reforma.Jueces, Magistrados\u00a0y Ministros\u00a0ser\u00e1n elegidos desde abajo. &#8221; Cedillo, los ech\u00f3 a todos&#8221;, dijo L\u00f3pez Obrador. Nosotros [&hellip;]<!-- AddThis Advanced Settings generic via filter on get_the_excerpt --><!-- AddThis Share Buttons generic via filter on get_the_excerpt --><\/p>\n","protected":false},"author":16,"featured_media":0,"comment_status":"open","ping_status":"closed","sticky":false,"template":"","format":"standard","meta":[],"categories":[1],"tags":[],"_links":{"self":[{"href":"https:\/\/blogs.elcomercio.es\/reflexiones-de-belarmino\/wp-json\/wp\/v2\/posts\/37305"}],"collection":[{"href":"https:\/\/blogs.elcomercio.es\/reflexiones-de-belarmino\/wp-json\/wp\/v2\/posts"}],"about":[{"href":"https:\/\/blogs.elcomercio.es\/reflexiones-de-belarmino\/wp-json\/wp\/v2\/types\/post"}],"author":[{"embeddable":true,"href":"https:\/\/blogs.elcomercio.es\/reflexiones-de-belarmino\/wp-json\/wp\/v2\/users\/16"}],"replies":[{"embeddable":true,"href":"https:\/\/blogs.elcomercio.es\/reflexiones-de-belarmino\/wp-json\/wp\/v2\/comments?post=37305"}],"version-history":[{"count":1,"href":"https:\/\/blogs.elcomercio.es\/reflexiones-de-belarmino\/wp-json\/wp\/v2\/posts\/37305\/revisions"}],"predecessor-version":[{"id":37306,"href":"https:\/\/blogs.elcomercio.es\/reflexiones-de-belarmino\/wp-json\/wp\/v2\/posts\/37305\/revisions\/37306"}],"wp:attachment":[{"href":"https:\/\/blogs.elcomercio.es\/reflexiones-de-belarmino\/wp-json\/wp\/v2\/media?parent=37305"}],"wp:term":[{"taxonomy":"category","embeddable":true,"href":"https:\/\/blogs.elcomercio.es\/reflexiones-de-belarmino\/wp-json\/wp\/v2\/categories?post=37305"},{"taxonomy":"post_tag","embeddable":true,"href":"https:\/\/blogs.elcomercio.es\/reflexiones-de-belarmino\/wp-json\/wp\/v2\/tags?post=37305"}],"curies":[{"name":"wp","href":"https:\/\/api.w.org\/{rel}","templated":true}]}}