{"id":37320,"date":"2024-06-13T11:15:25","date_gmt":"2024-06-13T09:15:25","guid":{"rendered":"https:\/\/blogs.elcomercio.es\/reflexiones-de-belarmino\/?p=37320"},"modified":"2024-06-13T11:15:25","modified_gmt":"2024-06-13T09:15:25","slug":"al-no-invitar-meloni-a-la-cumbre-del-g7-a-espana-erdogan-viene-hoy-a-hablar-con-pedro-sanchez","status":"publish","type":"post","link":"https:\/\/blogs.elcomercio.es\/reflexiones-de-belarmino\/2024\/06\/13\/al-no-invitar-meloni-a-la-cumbre-del-g7-a-espana-erdogan-viene-hoy-a-hablar-con-pedro-sanchez\/","title":{"rendered":"\u00a1\u00a1\u00a1\u00a1AL NO INVITAR MELONI A LA CUMBRE DEL G7 A ESPA\u00d1A, ERDOGAN VIENE HOY A HABLAR CON PEDRO SANCHEZ !!!"},"content":{"rendered":"<p><strong>En enero de este a\u00f1o, Georgia Meloni fue elegida presidenta del G7, la cumbre de los paises de Occidente,(Estados Unidos, Japon, Alemania, Reino UNido, Francia, Italia y Canad\u00e1), Esta Cumbre del 13 al 15 de este mes se llevar\u00e1 a cabo en la regi\u00f3n de Apulia en Italia, en la ciudad de Borgo Emanio y, como siempre el o la anfitriona, invitan a otros paises.<\/strong><\/p>\n<p><b>Este a\u00f1o est\u00e1n invitados: El Papa Francisco(primera vez invitado), Jordania, Ucrania, India, Brasil, Argentina, Turqu\u00eda, Emiratos Arabes Unidos, Kenia, Argelia, Tunez y Mauritania.<\/b><\/p>\n<p><strong>Meloni, por supuesto, no ha invitado a Espa\u00f1a, motivo por el cual, entendiendo lo que significa nuestro pa\u00eds Erdog\u00e1n, el presidente de Turqu\u00eda, estar\u00e1 hoy en Madrid, para reunirse con Pedro Sanchez, adem\u00e1s de la reuni\u00f3n de 100 empresarios turcos con los espa\u00f1oles.<\/strong><\/p>\n<p>&nbsp;<\/p>\n<!-- AddThis Advanced Settings generic via filter on the_content --><!-- AddThis Share Buttons generic via filter on the_content -->","protected":false},"excerpt":{"rendered":"<p>En enero de este a\u00f1o, Georgia Meloni fue elegida presidenta del G7, la cumbre de los paises de Occidente,(Estados Unidos, Japon, Alemania, Reino UNido, Francia, Italia y Canad\u00e1), Esta Cumbre del 13 al 15 de este mes se llevar\u00e1 a cabo en la regi\u00f3n de Apulia en Italia, en la ciudad de Borgo Emanio y, [&hellip;]<!-- AddThis Advanced Settings generic via filter on get_the_excerpt --><!-- AddThis Share Buttons generic via filter on get_the_excerpt --><\/p>\n","protected":false},"author":16,"featured_media":0,"comment_status":"open","ping_status":"closed","sticky":false,"template":"","format":"standard","meta":[],"categories":[1],"tags":[],"_links":{"self":[{"href":"https:\/\/blogs.elcomercio.es\/reflexiones-de-belarmino\/wp-json\/wp\/v2\/posts\/37320"}],"collection":[{"href":"https:\/\/blogs.elcomercio.es\/reflexiones-de-belarmino\/wp-json\/wp\/v2\/posts"}],"about":[{"href":"https:\/\/blogs.elcomercio.es\/reflexiones-de-belarmino\/wp-json\/wp\/v2\/types\/post"}],"author":[{"embeddable":true,"href":"https:\/\/blogs.elcomercio.es\/reflexiones-de-belarmino\/wp-json\/wp\/v2\/users\/16"}],"replies":[{"embeddable":true,"href":"https:\/\/blogs.elcomercio.es\/reflexiones-de-belarmino\/wp-json\/wp\/v2\/comments?post=37320"}],"version-history":[{"count":2,"href":"https:\/\/blogs.elcomercio.es\/reflexiones-de-belarmino\/wp-json\/wp\/v2\/posts\/37320\/revisions"}],"predecessor-version":[{"id":37322,"href":"https:\/\/blogs.elcomercio.es\/reflexiones-de-belarmino\/wp-json\/wp\/v2\/posts\/37320\/revisions\/37322"}],"wp:attachment":[{"href":"https:\/\/blogs.elcomercio.es\/reflexiones-de-belarmino\/wp-json\/wp\/v2\/media?parent=37320"}],"wp:term":[{"taxonomy":"category","embeddable":true,"href":"https:\/\/blogs.elcomercio.es\/reflexiones-de-belarmino\/wp-json\/wp\/v2\/categories?post=37320"},{"taxonomy":"post_tag","embeddable":true,"href":"https:\/\/blogs.elcomercio.es\/reflexiones-de-belarmino\/wp-json\/wp\/v2\/tags?post=37320"}],"curies":[{"name":"wp","href":"https:\/\/api.w.org\/{rel}","templated":true}]}}