{"id":37323,"date":"2024-06-13T11:28:26","date_gmt":"2024-06-13T09:28:26","guid":{"rendered":"https:\/\/blogs.elcomercio.es\/reflexiones-de-belarmino\/?p=37323"},"modified":"2024-06-13T11:28:26","modified_gmt":"2024-06-13T09:28:26","slug":"sanchez-plantea-quitar-al-poder-judicial-el-nombramiento-de-los-jueces-del-supremo-ante-el-bloqueo-del-pp","status":"publish","type":"post","link":"https:\/\/blogs.elcomercio.es\/reflexiones-de-belarmino\/2024\/06\/13\/sanchez-plantea-quitar-al-poder-judicial-el-nombramiento-de-los-jueces-del-supremo-ante-el-bloqueo-del-pp\/","title":{"rendered":"\u00a1\u00a1\u00a1\u00a1SANCHEZ PLANTEA QUITAR AL PODER JUDICIAL EL NOMBRAMIENTO DE LOS JUECES DEL SUPREMO ANTE EL BLOQUEO DEL PP!!!"},"content":{"rendered":"<p><b>Cinco a\u00f1os en la ilegalidad, por el bloqueo del Partido Popular, el Poder Judicial, ha sido usado politicamente por el\u00a0 PP, y adem\u00e1s llevamos los ciudadanos, 2 millones de nuestros expedientes envejeciendo en grandes filas que se acumulan en los juzgados. De ese tama\u00f1o, es la situaci\u00f3n en Espa\u00f1a, &#8220;democracia consolidada&#8221; decimos.<\/b><\/p>\n<p><b>Ayer\u00a0 Pedro Sanchez le dio un ultim\u00e1tum\u00a0a N\u00fa\u00f1ez Feij\u00f3o, Si antes del 30 de junio no hay acuerdo entre ambos paises, tomara\u00a0otras medidas, y ellas son, con el apoyo del Congreso, quitar al Poder Judicial el nombramiento de los jueces del Supremo.<\/b><\/p>\n<!-- AddThis Advanced Settings generic via filter on the_content --><!-- AddThis Share Buttons generic via filter on the_content -->","protected":false},"excerpt":{"rendered":"<p>Cinco a\u00f1os en la ilegalidad, por el bloqueo del Partido Popular, el Poder Judicial, ha sido usado politicamente por el\u00a0 PP, y adem\u00e1s llevamos los ciudadanos, 2 millones de nuestros expedientes envejeciendo en grandes filas que se acumulan en los juzgados. De ese tama\u00f1o, es la situaci\u00f3n en Espa\u00f1a, &#8220;democracia consolidada&#8221; decimos. Ayer\u00a0 Pedro Sanchez [&hellip;]<!-- AddThis Advanced Settings generic via filter on get_the_excerpt --><!-- AddThis Share Buttons generic via filter on get_the_excerpt --><\/p>\n","protected":false},"author":16,"featured_media":0,"comment_status":"open","ping_status":"closed","sticky":false,"template":"","format":"standard","meta":[],"categories":[1],"tags":[],"_links":{"self":[{"href":"https:\/\/blogs.elcomercio.es\/reflexiones-de-belarmino\/wp-json\/wp\/v2\/posts\/37323"}],"collection":[{"href":"https:\/\/blogs.elcomercio.es\/reflexiones-de-belarmino\/wp-json\/wp\/v2\/posts"}],"about":[{"href":"https:\/\/blogs.elcomercio.es\/reflexiones-de-belarmino\/wp-json\/wp\/v2\/types\/post"}],"author":[{"embeddable":true,"href":"https:\/\/blogs.elcomercio.es\/reflexiones-de-belarmino\/wp-json\/wp\/v2\/users\/16"}],"replies":[{"embeddable":true,"href":"https:\/\/blogs.elcomercio.es\/reflexiones-de-belarmino\/wp-json\/wp\/v2\/comments?post=37323"}],"version-history":[{"count":1,"href":"https:\/\/blogs.elcomercio.es\/reflexiones-de-belarmino\/wp-json\/wp\/v2\/posts\/37323\/revisions"}],"predecessor-version":[{"id":37324,"href":"https:\/\/blogs.elcomercio.es\/reflexiones-de-belarmino\/wp-json\/wp\/v2\/posts\/37323\/revisions\/37324"}],"wp:attachment":[{"href":"https:\/\/blogs.elcomercio.es\/reflexiones-de-belarmino\/wp-json\/wp\/v2\/media?parent=37323"}],"wp:term":[{"taxonomy":"category","embeddable":true,"href":"https:\/\/blogs.elcomercio.es\/reflexiones-de-belarmino\/wp-json\/wp\/v2\/categories?post=37323"},{"taxonomy":"post_tag","embeddable":true,"href":"https:\/\/blogs.elcomercio.es\/reflexiones-de-belarmino\/wp-json\/wp\/v2\/tags?post=37323"}],"curies":[{"name":"wp","href":"https:\/\/api.w.org\/{rel}","templated":true}]}}