{"id":37325,"date":"2024-06-13T17:02:27","date_gmt":"2024-06-13T15:02:27","guid":{"rendered":"https:\/\/blogs.elcomercio.es\/reflexiones-de-belarmino\/?p=37325"},"modified":"2024-06-13T17:02:27","modified_gmt":"2024-06-13T15:02:27","slug":"duro-golpe-a-rusia-del-g7-50000-millones-de-dolares-retenidos-a-bancos-rusos-a-ucrania","status":"publish","type":"post","link":"https:\/\/blogs.elcomercio.es\/reflexiones-de-belarmino\/2024\/06\/13\/duro-golpe-a-rusia-del-g7-50000-millones-de-dolares-retenidos-a-bancos-rusos-a-ucrania\/","title":{"rendered":"\u00a1\u00a1\u00a1DURO GOLPE A RUSIA DEL G7.- 50,000 MILLONES DE DOLARES RETENIDOS A BANCOS RUSOS A UCRANIA !!!"},"content":{"rendered":"<p><b>Empez\u00f3 la reuni\u00f3n en Italia. Alrededor de una espectacular mesa redonda, la del poder, en c\u00f3modos\u00a0y finos asientos de piel gris, estaban los presidentes de la crema y nata de Occidente. Un poco distra\u00edda\u00a0con las fotos, Meloni fue sutilmente avisada de que ya&#8230;que empezase la reuni\u00f3n.Los 6 hombres y 2 mujeres, Von der Leyen y Georgia posaban ante los centenares de c\u00e1maras, mientras se aprestaban, volaban o ya hab\u00edan llegado los otros 12 lideres, entre ellos el Papa Francisco.<\/b><\/p>\n<p><b>Mientras en La Moncloa se rend\u00edan honores a Erdogan luego de la reuni\u00f3n con m\u00e1s de 200 hombres de negocios de ambos paises, y Abascal y compa\u00f1\u00eda, llamar\u00eda traidora a Meloni, por haber invitado a su gran enemigo el Papa Francisco, la imagen se fue, y cuando regres\u00f3 la informaci\u00f3n supimos el primer super acuerdo: seco y duro, a la mand\u00edbula\u00a0de Vladimir Putin.<\/b><\/p>\n<p><strong>Los 50,000 millones de d\u00f3lares de sus fondos bancarios en Occidente, congelados, se otorgaban a Ucrania<\/strong><\/p>\n<p>&nbsp;<\/p>\n<!-- AddThis Advanced Settings generic via filter on the_content --><!-- AddThis Share Buttons generic via filter on the_content -->","protected":false},"excerpt":{"rendered":"<p>Empez\u00f3 la reuni\u00f3n en Italia. Alrededor de una espectacular mesa redonda, la del poder, en c\u00f3modos\u00a0y finos asientos de piel gris, estaban los presidentes de la crema y nata de Occidente. Un poco distra\u00edda\u00a0con las fotos, Meloni fue sutilmente avisada de que ya&#8230;que empezase la reuni\u00f3n.Los 6 hombres y 2 mujeres, Von der Leyen y [&hellip;]<!-- AddThis Advanced Settings generic via filter on get_the_excerpt --><!-- AddThis Share Buttons generic via filter on get_the_excerpt --><\/p>\n","protected":false},"author":16,"featured_media":0,"comment_status":"open","ping_status":"closed","sticky":false,"template":"","format":"standard","meta":[],"categories":[1],"tags":[],"_links":{"self":[{"href":"https:\/\/blogs.elcomercio.es\/reflexiones-de-belarmino\/wp-json\/wp\/v2\/posts\/37325"}],"collection":[{"href":"https:\/\/blogs.elcomercio.es\/reflexiones-de-belarmino\/wp-json\/wp\/v2\/posts"}],"about":[{"href":"https:\/\/blogs.elcomercio.es\/reflexiones-de-belarmino\/wp-json\/wp\/v2\/types\/post"}],"author":[{"embeddable":true,"href":"https:\/\/blogs.elcomercio.es\/reflexiones-de-belarmino\/wp-json\/wp\/v2\/users\/16"}],"replies":[{"embeddable":true,"href":"https:\/\/blogs.elcomercio.es\/reflexiones-de-belarmino\/wp-json\/wp\/v2\/comments?post=37325"}],"version-history":[{"count":1,"href":"https:\/\/blogs.elcomercio.es\/reflexiones-de-belarmino\/wp-json\/wp\/v2\/posts\/37325\/revisions"}],"predecessor-version":[{"id":37326,"href":"https:\/\/blogs.elcomercio.es\/reflexiones-de-belarmino\/wp-json\/wp\/v2\/posts\/37325\/revisions\/37326"}],"wp:attachment":[{"href":"https:\/\/blogs.elcomercio.es\/reflexiones-de-belarmino\/wp-json\/wp\/v2\/media?parent=37325"}],"wp:term":[{"taxonomy":"category","embeddable":true,"href":"https:\/\/blogs.elcomercio.es\/reflexiones-de-belarmino\/wp-json\/wp\/v2\/categories?post=37325"},{"taxonomy":"post_tag","embeddable":true,"href":"https:\/\/blogs.elcomercio.es\/reflexiones-de-belarmino\/wp-json\/wp\/v2\/tags?post=37325"}],"curies":[{"name":"wp","href":"https:\/\/api.w.org\/{rel}","templated":true}]}}