{"id":37327,"date":"2024-06-13T19:52:58","date_gmt":"2024-06-13T17:52:58","guid":{"rendered":"https:\/\/blogs.elcomercio.es\/reflexiones-de-belarmino\/?p=37327"},"modified":"2024-06-13T19:52:58","modified_gmt":"2024-06-13T17:52:58","slug":"occidente-esta-llevando-al-limite-a-rusia-que-un-dia-tendra-que-responder-los-europeos-lo-sienten-y-lo-reflejaron-en-las-urnas","status":"publish","type":"post","link":"https:\/\/blogs.elcomercio.es\/reflexiones-de-belarmino\/2024\/06\/13\/occidente-esta-llevando-al-limite-a-rusia-que-un-dia-tendra-que-responder-los-europeos-lo-sienten-y-lo-reflejaron-en-las-urnas\/","title":{"rendered":"\u00a1\u00a1\u00a1\u00a1\u00a1OCCIDENTE ESTA LLEVANDO AL LIMITE A RUSIA QUE UN DIA TENDR\u00c1 QUE RESPONDER. LOS EUROPEOS LO SIENTEN Y LO REFLEJARON EN LAS URNAS !!!"},"content":{"rendered":"<p><b>Hay que tener cuidado, mucho cuidado. Occidente est\u00e1 llevando a l\u00edmites insoportables a Rusia que podr\u00eda\u00a0llegar a responder. Ayer\u00a0 acus\u00f3 al\u00a0 Reino Unido y Francia de estar interviniendo militarmente en su territorio, y hoy, al acuerdo del G7 va a ser tomado como una agresi\u00f3n m\u00e1s, y adem\u00e1s muy fuerte<\/b><\/p>\n<p><strong>Parece percibirse que la debilidad de los paises europeos que junto con EE:UU. Reino UNido y la Commonwealth, han dado pie a la extrema derecha europea.<\/strong><\/p>\n<p><strong>Sentimos que, un Occidente en declive, quiere tener para enfrentar con fuerza a China, tomada a Rusia. Y ello est\u00e1n desde 2014, queriendo quitarles Crimea y quitandole las fronteras.<\/strong><\/p>\n<p><strong>Hoy, en la ma\u00f1ana, apareci\u00f3 en La Habana un enorme y espectacular submarino ruso, como nunca antes, seguido de cerca y vigilado por barcos y aviones de EE:UU.<\/strong><\/p>\n<p><strong>Nadie deber\u00eda subestimar a Rusia. Por ello, el aviso hace unos d\u00edas de Putin: Rusia tiene m\u00e1s poder\u00a0 nuclear que toda Europa<\/strong><\/p>\n<p>&nbsp;<\/p>\n<!-- AddThis Advanced Settings generic via filter on the_content --><!-- AddThis Share Buttons generic via filter on the_content -->","protected":false},"excerpt":{"rendered":"<p>Hay que tener cuidado, mucho cuidado. Occidente est\u00e1 llevando a l\u00edmites insoportables a Rusia que podr\u00eda\u00a0llegar a responder. Ayer\u00a0 acus\u00f3 al\u00a0 Reino Unido y Francia de estar interviniendo militarmente en su territorio, y hoy, al acuerdo del G7 va a ser tomado como una agresi\u00f3n m\u00e1s, y adem\u00e1s muy fuerte Parece percibirse que la debilidad [&hellip;]<!-- AddThis Advanced Settings generic via filter on get_the_excerpt --><!-- AddThis Share Buttons generic via filter on get_the_excerpt --><\/p>\n","protected":false},"author":16,"featured_media":0,"comment_status":"open","ping_status":"closed","sticky":false,"template":"","format":"standard","meta":[],"categories":[1],"tags":[],"_links":{"self":[{"href":"https:\/\/blogs.elcomercio.es\/reflexiones-de-belarmino\/wp-json\/wp\/v2\/posts\/37327"}],"collection":[{"href":"https:\/\/blogs.elcomercio.es\/reflexiones-de-belarmino\/wp-json\/wp\/v2\/posts"}],"about":[{"href":"https:\/\/blogs.elcomercio.es\/reflexiones-de-belarmino\/wp-json\/wp\/v2\/types\/post"}],"author":[{"embeddable":true,"href":"https:\/\/blogs.elcomercio.es\/reflexiones-de-belarmino\/wp-json\/wp\/v2\/users\/16"}],"replies":[{"embeddable":true,"href":"https:\/\/blogs.elcomercio.es\/reflexiones-de-belarmino\/wp-json\/wp\/v2\/comments?post=37327"}],"version-history":[{"count":1,"href":"https:\/\/blogs.elcomercio.es\/reflexiones-de-belarmino\/wp-json\/wp\/v2\/posts\/37327\/revisions"}],"predecessor-version":[{"id":37328,"href":"https:\/\/blogs.elcomercio.es\/reflexiones-de-belarmino\/wp-json\/wp\/v2\/posts\/37327\/revisions\/37328"}],"wp:attachment":[{"href":"https:\/\/blogs.elcomercio.es\/reflexiones-de-belarmino\/wp-json\/wp\/v2\/media?parent=37327"}],"wp:term":[{"taxonomy":"category","embeddable":true,"href":"https:\/\/blogs.elcomercio.es\/reflexiones-de-belarmino\/wp-json\/wp\/v2\/categories?post=37327"},{"taxonomy":"post_tag","embeddable":true,"href":"https:\/\/blogs.elcomercio.es\/reflexiones-de-belarmino\/wp-json\/wp\/v2\/tags?post=37327"}],"curies":[{"name":"wp","href":"https:\/\/api.w.org\/{rel}","templated":true}]}}