{"id":37329,"date":"2024-06-13T20:27:45","date_gmt":"2024-06-13T18:27:45","guid":{"rendered":"https:\/\/blogs.elcomercio.es\/reflexiones-de-belarmino\/?p=37329"},"modified":"2024-06-13T20:27:45","modified_gmt":"2024-06-13T18:27:45","slug":"el-tierno-abrazo-de-georgia-y-vlodomir-frente-al-adriatico","status":"publish","type":"post","link":"https:\/\/blogs.elcomercio.es\/reflexiones-de-belarmino\/2024\/06\/13\/el-tierno-abrazo-de-georgia-y-vlodomir-frente-al-adriatico\/","title":{"rendered":"\u00a1\u00a1\u00a1\u00a1\u00a1 EL TIERNO ABRAZO DE GEORGIA Y VLODOMIR FRENTE AL ADR\u00cdATICO !!!"},"content":{"rendered":"<p><strong>Quien se los iba a decir hace 20 a\u00f1os, al principio de sus respectivas luchas, por ello el abrazo, de los ojos de una y del otro, reflejaban, m\u00e1s que el respeto entre dos dirigentes. Apulia, la regi\u00f3n del sur de Italia en el Adriatico, donde se celebra en Borgo Egnanaia en Salvatierre, escogido por la Presidenta como una expresi\u00f3n de la belleza del antiguo Imperio Romano,.<\/strong><\/p>\n<p><strong>Georgia hab\u00eda recibido a los lideres del G7, a la representante de la UE, cuando tuvo de frente a Vlodomir. Sus ojos, cansados de uno y tierno de ambos, en medio del abrazo, enternec\u00eda. Parec\u00edan un par de enamorados y admirados hombre y mujer. En los ojos de Zelenski, la lucha de tantos a\u00f1os, en la Melonni, algo m\u00e1s que el respeto y la admiraci\u00f3n.<\/strong><\/p>\n<p><strong>De edad similar, nacidos tras la postguerra, actores principales, vivieron en ese abrazo, as\u00ed lo sentimos nosotros, una eternidad, de las que se producen pocas en la vida.<\/strong><\/p>\n<p><b>Pero la reuni\u00f3n empezaba. Ella, trataba con desd\u00e9n a un Macr\u00f3n fuera de lugar, saludaba a todos los l\u00edderes en un d\u00eda de gloria para ella, Presidenta del G7, y \u00e9l sab\u00eda que saldr\u00eda\u00a0con 50,000 millones de d\u00f3lares, dondee Occidente retaba, casi con todo al &#8220;Tigre, silencioso, \u00e1gil\u00a0y poderoso&#8221;, que tiene 6 a\u00f1os por delante y un poder, al que no retar\u00edamos.<\/b><\/p>\n<!-- AddThis Advanced Settings generic via filter on the_content --><!-- AddThis Share Buttons generic via filter on the_content -->","protected":false},"excerpt":{"rendered":"<p>Quien se los iba a decir hace 20 a\u00f1os, al principio de sus respectivas luchas, por ello el abrazo, de los ojos de una y del otro, reflejaban, m\u00e1s que el respeto entre dos dirigentes. Apulia, la regi\u00f3n del sur de Italia en el Adriatico, donde se celebra en Borgo Egnanaia en Salvatierre, escogido por [&hellip;]<!-- AddThis Advanced Settings generic via filter on get_the_excerpt --><!-- AddThis Share Buttons generic via filter on get_the_excerpt --><\/p>\n","protected":false},"author":16,"featured_media":0,"comment_status":"open","ping_status":"closed","sticky":false,"template":"","format":"standard","meta":[],"categories":[1],"tags":[],"_links":{"self":[{"href":"https:\/\/blogs.elcomercio.es\/reflexiones-de-belarmino\/wp-json\/wp\/v2\/posts\/37329"}],"collection":[{"href":"https:\/\/blogs.elcomercio.es\/reflexiones-de-belarmino\/wp-json\/wp\/v2\/posts"}],"about":[{"href":"https:\/\/blogs.elcomercio.es\/reflexiones-de-belarmino\/wp-json\/wp\/v2\/types\/post"}],"author":[{"embeddable":true,"href":"https:\/\/blogs.elcomercio.es\/reflexiones-de-belarmino\/wp-json\/wp\/v2\/users\/16"}],"replies":[{"embeddable":true,"href":"https:\/\/blogs.elcomercio.es\/reflexiones-de-belarmino\/wp-json\/wp\/v2\/comments?post=37329"}],"version-history":[{"count":1,"href":"https:\/\/blogs.elcomercio.es\/reflexiones-de-belarmino\/wp-json\/wp\/v2\/posts\/37329\/revisions"}],"predecessor-version":[{"id":37330,"href":"https:\/\/blogs.elcomercio.es\/reflexiones-de-belarmino\/wp-json\/wp\/v2\/posts\/37329\/revisions\/37330"}],"wp:attachment":[{"href":"https:\/\/blogs.elcomercio.es\/reflexiones-de-belarmino\/wp-json\/wp\/v2\/media?parent=37329"}],"wp:term":[{"taxonomy":"category","embeddable":true,"href":"https:\/\/blogs.elcomercio.es\/reflexiones-de-belarmino\/wp-json\/wp\/v2\/categories?post=37329"},{"taxonomy":"post_tag","embeddable":true,"href":"https:\/\/blogs.elcomercio.es\/reflexiones-de-belarmino\/wp-json\/wp\/v2\/tags?post=37329"}],"curies":[{"name":"wp","href":"https:\/\/api.w.org\/{rel}","templated":true}]}}