{"id":37350,"date":"2024-06-15T11:21:34","date_gmt":"2024-06-15T09:21:34","guid":{"rendered":"https:\/\/blogs.elcomercio.es\/reflexiones-de-belarmino\/?p=37350"},"modified":"2024-06-15T11:21:34","modified_gmt":"2024-06-15T09:21:34","slug":"von-der-leyen-y-antonio-costa-al-frente-de-la-union-europea-ejemplo-para-frenar-a-la-ultraderecha","status":"publish","type":"post","link":"https:\/\/blogs.elcomercio.es\/reflexiones-de-belarmino\/2024\/06\/15\/von-der-leyen-y-antonio-costa-al-frente-de-la-union-europea-ejemplo-para-frenar-a-la-ultraderecha\/","title":{"rendered":"\u00a1\u00a1\u00a1VON DER LEYEN Y ANTONIO COSTA, AL FRENTE DE LA UNI\u00d3N EUROPEA, EJEMPLO PARA FRENAR A LA ULTRADERECHA !!!"},"content":{"rendered":"<p><strong>La inteligencia que ha mostrado la Uni\u00f3n Europea, desgraciadamente no cuaja en Espa\u00f1a. All\u00ed, ante el auge de la ultraderecha, han cerrado filas Populares, Socialdem\u00f3cratas, Liberales y Verdes y el tandem que encontraron fue la Comisi\u00f3n Europea para Von der Leyen(popular) y Antonio Costa(para el Consejo Europeo), lo cual mantiene el cord\u00f3n sanitario al principal peligro la ultraderecha.<\/strong><\/p>\n<p><b>El lunes se reunir\u00e1n los 27 y definir\u00e1n\u00a0los cargos, pero hasta ahora lo que suena como un hecho es Van der Leyen y Antonio Costa.<\/b><\/p>\n<p><strong>Muy buena decisi\u00f3n ante lo que suceder\u00e1 en los pr\u00f3ximos meses en Europa, en el enfrentamiento contra Rusia y el segundo martes de noviembre en las elecciones de EE:UU.<\/strong><\/p>\n<!-- AddThis Advanced Settings generic via filter on the_content --><!-- AddThis Share Buttons generic via filter on the_content -->","protected":false},"excerpt":{"rendered":"<p>La inteligencia que ha mostrado la Uni\u00f3n Europea, desgraciadamente no cuaja en Espa\u00f1a. All\u00ed, ante el auge de la ultraderecha, han cerrado filas Populares, Socialdem\u00f3cratas, Liberales y Verdes y el tandem que encontraron fue la Comisi\u00f3n Europea para Von der Leyen(popular) y Antonio Costa(para el Consejo Europeo), lo cual mantiene el cord\u00f3n sanitario al principal [&hellip;]<!-- AddThis Advanced Settings generic via filter on get_the_excerpt --><!-- AddThis Share Buttons generic via filter on get_the_excerpt --><\/p>\n","protected":false},"author":16,"featured_media":0,"comment_status":"open","ping_status":"closed","sticky":false,"template":"","format":"standard","meta":[],"categories":[1],"tags":[],"_links":{"self":[{"href":"https:\/\/blogs.elcomercio.es\/reflexiones-de-belarmino\/wp-json\/wp\/v2\/posts\/37350"}],"collection":[{"href":"https:\/\/blogs.elcomercio.es\/reflexiones-de-belarmino\/wp-json\/wp\/v2\/posts"}],"about":[{"href":"https:\/\/blogs.elcomercio.es\/reflexiones-de-belarmino\/wp-json\/wp\/v2\/types\/post"}],"author":[{"embeddable":true,"href":"https:\/\/blogs.elcomercio.es\/reflexiones-de-belarmino\/wp-json\/wp\/v2\/users\/16"}],"replies":[{"embeddable":true,"href":"https:\/\/blogs.elcomercio.es\/reflexiones-de-belarmino\/wp-json\/wp\/v2\/comments?post=37350"}],"version-history":[{"count":2,"href":"https:\/\/blogs.elcomercio.es\/reflexiones-de-belarmino\/wp-json\/wp\/v2\/posts\/37350\/revisions"}],"predecessor-version":[{"id":37352,"href":"https:\/\/blogs.elcomercio.es\/reflexiones-de-belarmino\/wp-json\/wp\/v2\/posts\/37350\/revisions\/37352"}],"wp:attachment":[{"href":"https:\/\/blogs.elcomercio.es\/reflexiones-de-belarmino\/wp-json\/wp\/v2\/media?parent=37350"}],"wp:term":[{"taxonomy":"category","embeddable":true,"href":"https:\/\/blogs.elcomercio.es\/reflexiones-de-belarmino\/wp-json\/wp\/v2\/categories?post=37350"},{"taxonomy":"post_tag","embeddable":true,"href":"https:\/\/blogs.elcomercio.es\/reflexiones-de-belarmino\/wp-json\/wp\/v2\/tags?post=37350"}],"curies":[{"name":"wp","href":"https:\/\/api.w.org\/{rel}","templated":true}]}}