{"id":37360,"date":"2024-06-15T12:05:05","date_gmt":"2024-06-15T10:05:05","guid":{"rendered":"https:\/\/blogs.elcomercio.es\/reflexiones-de-belarmino\/?p=37360"},"modified":"2024-06-15T12:05:50","modified_gmt":"2024-06-15T10:05:50","slug":"el-g7-amenaza-a-china-por-su-ayuda-a-rusia","status":"publish","type":"post","link":"https:\/\/blogs.elcomercio.es\/reflexiones-de-belarmino\/2024\/06\/15\/el-g7-amenaza-a-china-por-su-ayuda-a-rusia\/","title":{"rendered":"\u00a1\u00a1\u00a1\u00a1\u00a1\u00a1 EL G7 AMENAZA A CHINA POR SU AYUDA A RUSIA !!!"},"content":{"rendered":"<p><b>Y bien, Occidente, el Papa incluido habl\u00f3. Endureci\u00f3 su posici\u00f3n ante el resto del mundo, sobre todo contra Rusia y China, pero en la imagen de los 7, Biden, posiblemente no repetir\u00e1, Macron estar\u00eda\u00a0liquidado, Sunak perder\u00e1 las elecciones y Shotlz gran derrotado en Alemania, por ello esaa imagen mostraba el Occidente dividido enfrentado &#8220;para acoso y derribo de Putin&#8221; y amenazando a China.<\/b><\/p>\n<p><strong>Habl\u00f3 una parte del mundo, pero falta la respuesta de lo otra, que alrededor de los BRICS, no tardar\u00e1 en responder, tras el verano.<\/strong><\/p>\n<!-- AddThis Advanced Settings generic via filter on the_content --><!-- AddThis Share Buttons generic via filter on the_content -->","protected":false},"excerpt":{"rendered":"<p>Y bien, Occidente, el Papa incluido habl\u00f3. Endureci\u00f3 su posici\u00f3n ante el resto del mundo, sobre todo contra Rusia y China, pero en la imagen de los 7, Biden, posiblemente no repetir\u00e1, Macron estar\u00eda\u00a0liquidado, Sunak perder\u00e1 las elecciones y Shotlz gran derrotado en Alemania, por ello esaa imagen mostraba el Occidente dividido enfrentado &#8220;para acoso [&hellip;]<!-- AddThis Advanced Settings generic via filter on get_the_excerpt --><!-- AddThis Share Buttons generic via filter on get_the_excerpt --><\/p>\n","protected":false},"author":16,"featured_media":0,"comment_status":"open","ping_status":"closed","sticky":false,"template":"","format":"standard","meta":[],"categories":[1],"tags":[],"_links":{"self":[{"href":"https:\/\/blogs.elcomercio.es\/reflexiones-de-belarmino\/wp-json\/wp\/v2\/posts\/37360"}],"collection":[{"href":"https:\/\/blogs.elcomercio.es\/reflexiones-de-belarmino\/wp-json\/wp\/v2\/posts"}],"about":[{"href":"https:\/\/blogs.elcomercio.es\/reflexiones-de-belarmino\/wp-json\/wp\/v2\/types\/post"}],"author":[{"embeddable":true,"href":"https:\/\/blogs.elcomercio.es\/reflexiones-de-belarmino\/wp-json\/wp\/v2\/users\/16"}],"replies":[{"embeddable":true,"href":"https:\/\/blogs.elcomercio.es\/reflexiones-de-belarmino\/wp-json\/wp\/v2\/comments?post=37360"}],"version-history":[{"count":3,"href":"https:\/\/blogs.elcomercio.es\/reflexiones-de-belarmino\/wp-json\/wp\/v2\/posts\/37360\/revisions"}],"predecessor-version":[{"id":37363,"href":"https:\/\/blogs.elcomercio.es\/reflexiones-de-belarmino\/wp-json\/wp\/v2\/posts\/37360\/revisions\/37363"}],"wp:attachment":[{"href":"https:\/\/blogs.elcomercio.es\/reflexiones-de-belarmino\/wp-json\/wp\/v2\/media?parent=37360"}],"wp:term":[{"taxonomy":"category","embeddable":true,"href":"https:\/\/blogs.elcomercio.es\/reflexiones-de-belarmino\/wp-json\/wp\/v2\/categories?post=37360"},{"taxonomy":"post_tag","embeddable":true,"href":"https:\/\/blogs.elcomercio.es\/reflexiones-de-belarmino\/wp-json\/wp\/v2\/tags?post=37360"}],"curies":[{"name":"wp","href":"https:\/\/api.w.org\/{rel}","templated":true}]}}